{"id":1310,"date":"2013-03-11T23:44:45","date_gmt":"2013-03-11T22:44:45","guid":{"rendered":"http:\/\/www.campagneperglianimali.org\/web\/?p=1310"},"modified":"2021-05-25T15:07:21","modified_gmt":"2021-05-25T14:07:21","slug":"ecco-perche-e-utile-e-giusta-la-contropubblicita-dello-scandalo","status":"publish","type":"post","link":"https:\/\/www.campagneperglianimali.org\/web\/ecco-perche-e-utile-e-giusta-la-contropubblicita-dello-scandalo\/","title":{"rendered":"Ecco perch\u00e9 \u00e8 utile e giusta la contropubblicit\u00e0 dello scandalo"},"content":{"rendered":"<p><em><img loading=\"lazy\" decoding=\"async\" class=\"size-full wp-image-1311 aligncenter\" src=\"http:\/\/www.campagneperglianimali.org\/web\/wp-content\/uploads\/2013\/03\/bambolotto-sta-bene.jpg\" alt=\"\" width=\"403\" height=\"403\" srcset=\"https:\/\/www.campagneperglianimali.org\/web\/wp-content\/uploads\/2013\/03\/bambolotto-sta-bene.jpg 403w, https:\/\/www.campagneperglianimali.org\/web\/wp-content\/uploads\/2013\/03\/bambolotto-sta-bene-229x230.jpg 229w, https:\/\/www.campagneperglianimali.org\/web\/wp-content\/uploads\/2013\/03\/bambolotto-sta-bene-175x175.jpg 175w\" sizes=\"auto, (max-width: 403px) 100vw, 403px\" \/><br \/>\nFonte: <a href=\"http:\/\/www.restiamoanimali.it\/blog\/2013\/7313-ecco-perche-e-utile-e-giusta-la-contropubblicita-dello-scandalo\/\" target=\"_blank\" rel=\"noopener\">Restiamo animali<\/a><\/em><\/p>\n<hr \/>\n<p>Torniamo a parlare del\u00a0<strong>manifesto \u201ccontropubblicitario\u201d che ha fatto scandalo<\/strong>. Affisso a Grosseto, Pordenone e Torino, \u00e8 stato preso di mira perch\u00e9 giudicato offensivo della comune sensibilit\u00e0 verso i bambini. Il Garante toscano dei diritti dei minori ha minacciato denunce e varie voci si sono levate in difesa dei bambini, che sarebbero stati\u00a0<strong>strumentalizzati e vilipesi<\/strong>\u00a0dall\u2019immagine del bambolotto fatto a pezzi e messo in una confezione tipicamente usata\u00a0<strong>per pezzi di animali (veri).<\/strong><\/p>\n<p>Ne abbiamo parlato con\u00a0<strong>Adriano Fragano<\/strong>, uno degli attivisti dell\u2019organizzazione\u00a0<a href=\"http:\/\/www.campagneperglianimali.org\/\" target=\"_blank\" rel=\"noopener\">\u201cCampagne per gli animali\u201d<\/a>\u00a0che ha ideato il manifesto. Adriano ha collocato il grande manifesto nel solco di un lavoro pluriennale che mira proprio a mostrare ci\u00f2 che nella nostra societ\u00e0 viene nascosto, ossia la sorte riservata agli animali non umani. E lo fa ispirandosi esplicitamente alle<strong>\u00a0\u201cpubblicit\u00e0 progresso\u201d<\/strong>realizzate dagli enti governativi a scopi sociali.<\/p>\n<p>Fragano affronta anche la questione degli effetti reali della contropubblicit\u00e0 sulle perse e in particolare di quella esposta a Grosseto e nelle altre citt\u00e0. La sua risposta \u00e8 molto interessante: da un lato fa notare che lo \u201cscandalo\u201d\u00a0<strong>serve proprio a far discutere<\/strong>\u00a0e cos\u00ec portare alla luce verit\u00e0 nascoste; dall\u2019altro che proprio il riferimento a\u00a0<strong>\u201cun totem della nostra societ\u00e0\u201d<\/strong>\u00a0come l\u2019infanzia e legarlo alla condizione animale, fa scattare un interesse, un\u2019attenzione che\u00a0 non esisterebbe se la contropubblicit\u00e0 mirasse \u2013 come si \u00e8 fatto in passato \u2013 a suscitare compassione, tenerezza, empatia. \u201cIn quei casi \u2013 dice Adriano, che opera professionalmente nel campo della comunicazione \u2013 l\u2019attenzione viene solo da chi ha gi\u00e0 una predisposizione e un\u2019attenzione alla condizione animale\u201d.<\/p>\n<hr \/>\n<p style=\"text-align: center;\"><strong><a href=\"http:\/\/www.campagneperglianimali.org\/web\/audio\/restiamo-animali-07-03-2013-intervista.mp3\" target=\"_blank\" rel=\"noopener\">Ascolta l&#8217;intervista audio rilasciata a Restiamo Animali di Controradio<\/a><\/strong><\/p>\n<hr \/>\n<p>&nbsp;<\/p>\n","protected":false},"excerpt":{"rendered":"<p>Fonte: Restiamo animali Torniamo a parlare del\u00a0manifesto \u201ccontropubblicitario\u201d che ha fatto scandalo. Affisso a Grosseto, Pordenone e Torino, \u00e8 stato preso di mira perch\u00e9 giudicato offensivo della comune sensibilit\u00e0 verso i bambini. Il Garante toscano dei diritti dei minori ha minacciato denunce e varie voci si sono levate in difesa dei bambini, che sarebbero stati\u00a0strumentalizzati&hellip;<a href=\"https:\/\/www.campagneperglianimali.org\/web\/ecco-perche-e-utile-e-giusta-la-contropubblicita-dello-scandalo\/\" class=\"more-link\">Continua la lettura di <span class=\"screen-reader-text\">Ecco perch\u00e9 \u00e8 utile e giusta la contropubblicit\u00e0 dello scandalo<\/span><\/a><\/p>\n","protected":false},"author":1,"featured_media":1311,"comment_status":"open","ping_status":"closed","sticky":false,"template":"","format":"standard","meta":{"fifu_image_url":"","fifu_image_alt":"","iawp_total_views":4,"footnotes":""},"categories":[20,6,5],"tags":[1606,1607,55,71,333,82,1605,334,332],"class_list":["post-1310","post","type-post","status-publish","format-standard","has-post-thumbnail","hentry","category-media","category-notizie","category-pubblicita","tag-adriano-fragano","tag-ca","tag-campagne-per-gli-animali","tag-chi-mangi-oggi","tag-controradio","tag-intervista","tag-intervista-radio","tag-pubblicita-antispeciste","tag-restiamo-animali"],"views":3086,"_links":{"self":[{"href":"https:\/\/www.campagneperglianimali.org\/web\/wp-json\/wp\/v2\/posts\/1310","targetHints":{"allow":["GET"]}}],"collection":[{"href":"https:\/\/www.campagneperglianimali.org\/web\/wp-json\/wp\/v2\/posts"}],"about":[{"href":"https:\/\/www.campagneperglianimali.org\/web\/wp-json\/wp\/v2\/types\/post"}],"author":[{"embeddable":true,"href":"https:\/\/www.campagneperglianimali.org\/web\/wp-json\/wp\/v2\/users\/1"}],"replies":[{"embeddable":true,"href":"https:\/\/www.campagneperglianimali.org\/web\/wp-json\/wp\/v2\/comments?post=1310"}],"version-history":[{"count":22,"href":"https:\/\/www.campagneperglianimali.org\/web\/wp-json\/wp\/v2\/posts\/1310\/revisions"}],"predecessor-version":[{"id":3909,"href":"https:\/\/www.campagneperglianimali.org\/web\/wp-json\/wp\/v2\/posts\/1310\/revisions\/3909"}],"wp:featuredmedia":[{"embeddable":true,"href":"https:\/\/www.campagneperglianimali.org\/web\/wp-json\/wp\/v2\/media\/1311"}],"wp:attachment":[{"href":"https:\/\/www.campagneperglianimali.org\/web\/wp-json\/wp\/v2\/media?parent=1310"}],"wp:term":[{"taxonomy":"category","embeddable":true,"href":"https:\/\/www.campagneperglianimali.org\/web\/wp-json\/wp\/v2\/categories?post=1310"},{"taxonomy":"post_tag","embeddable":true,"href":"https:\/\/www.campagneperglianimali.org\/web\/wp-json\/wp\/v2\/tags?post=1310"}],"curies":[{"name":"wp","href":"https:\/\/api.w.org\/{rel}","templated":true}]}}