{"id":1442,"date":"2013-04-23T13:46:25","date_gmt":"2013-04-23T12:46:25","guid":{"rendered":"http:\/\/www.campagneperglianimali.org\/web\/?p=1442"},"modified":"2021-02-07T11:07:25","modified_gmt":"2021-02-07T10:07:25","slug":"sagra-del-seitan-2013-2","status":"publish","type":"post","link":"https:\/\/www.campagneperglianimali.org\/web\/sagra-del-seitan-2013-2\/","title":{"rendered":"Sagra del seitan 2013: Ca\/Veganzetta sar\u00e0 presente"},"content":{"rendered":"<p><img loading=\"lazy\" decoding=\"async\" class=\"alignnone size-full wp-image-1443\" src=\"http:\/\/www.campagneperglianimali.org\/web\/wp-content\/uploads\/2013\/04\/sagradelseitan-2013.jpg\" alt=\"\" width=\"600\" height=\"331\" srcset=\"https:\/\/www.campagneperglianimali.org\/web\/wp-content\/uploads\/2013\/04\/sagradelseitan-2013.jpg 600w, https:\/\/www.campagneperglianimali.org\/web\/wp-content\/uploads\/2013\/04\/sagradelseitan-2013-300x165.jpg 300w, https:\/\/www.campagneperglianimali.org\/web\/wp-content\/uploads\/2013\/04\/sagradelseitan-2013-500x275.jpg 500w, https:\/\/www.campagneperglianimali.org\/web\/wp-content\/uploads\/2013\/04\/sagradelseitan-2013-317x175.jpg 317w\" sizes=\"auto, (max-width: 600px) 100vw, 600px\" \/><\/p>\n<p>Anche quest&#8217;anno si svolger\u00e0 l&#8217;ormai consueta\u00a0<strong>Sagra del Seitan<\/strong>. La decima edizione cambia di luogo e raddoppia (la durata sar\u00e0 di due giorni).<\/p>\n<p><span style=\"color: #ff0000;\"><strong>Campagne per gli animali \/Veganzetta<\/strong>\u00a0sar\u00e0 presente con i cartelloni pubblicitari antispecisti e con una conferenza nel\u00a0<strong>pomeriggio della domenica<\/strong>.<\/span><br \/>\n<span style=\"color: #ff0000;\"> Di seguito il comunicato stampa e il programma. Ci si vede alla Sagra del Seitan!<\/span><\/p>\n<p><b>Decima edizione del festival vegan dedicato agli altri animali: La Sagra del Seitan? &#8211;\u00a0<a href=\"http:\/\/www.sagradelseitan.it\/\">www.sagradelseitan.it<\/a><\/b><\/p>\n<div><b>Firenze, 18 e 19 maggio 2013<\/b><\/div>\n<p><!--more--><\/p>\n<p>Sagra del Seitan: per la sua decima edizione il festival vegan sceglie la citt\u00e0 di Firenze. Sabato 18 e domenica 19 maggio, presso l&#8217;area verde ObiHall, lungarno Aldo Moro. Stand di prodotti e associazioni, conferenze, musica dal vivo, ristorante e bar nell&#8217;evento organizzato dall&#8217;associazione Progetto Vivere Vegan Onlus, per far conoscere e diffondere la filosofia vegan, contro la schiavit\u00f9 di tutti gli animali.<\/p>\n<p>Dal pomeriggio di sabato 18 a tutta la giornata di domenica 19 maggio l&#8217;associazione Progetto Vivere Vegan Onlus proporr\u00e0 il suo pi\u00f9 importante evento annuale presso l&#8217;area verde ObiHall a Firenze, sul percorso di una bellissima passeggiata lungo l&#8217;Arno (lungano Aldo Moro). Come nelle precedenti edizioni organizzate a Pozzolatico, si potranno visitare stand di prodotti e associazioni, seguire conferenze, ascoltare dell&#8217;ottima musica dal vivo, assaggiare un ricco menu 100% vegan presso il ristorante e gustare cibi sfiziosi al bar. Immancabili gli arrosticini: spiedini di seitan cotti alla brace. La proposta culinaria della sagra \u00e8 da sempre particolarmente apprezzata: ottimo cibo, gustoso e chiaramente cruelty free, ottenuto cio\u00e8 senza sfruttare e tanto meno uccidere animali. In cucina a dirigere i volontari ci sar\u00e0 Vincenza La Placa del ristorante la Raccolta di Firenze. Anche chi non \u00e8 ancora vegano potr\u00e0 verificare che il passaggio a un&#8217;alimentazione e a uno stile di vita non violento \u00e8 possibile e gratificante. Sempre molto seguite sono le conferenze a riprova del fatto che a questa festa non si viene solo per mangiare, divertirsi o fare acquisti, ma anche e soprattutto per approfondire le tematiche vegan. La domenica sera, in chiusura della festa, una serata speciale con le letture di brani emozionanti, per dare voce agli altri animali.<\/p>\n<p>L&#8217;ingresso alla Sagra del Seitan \u00e8 libero (sabato dalle 15 alle 23 e domenica dalle 10 alle 23).<\/p>\n<p>Per informazioni:\u00a0<a href=\"http:\/\/www.sagradelseitan.it\/\">www.sagradelseitan.it<\/a>,\u00a0<a href=\"mailto:info@viverevegan.org\">info@viverevegan.org<\/a>, tel. 377 4779634 &#8211; 377 4782892.<\/p>\n<p>L\u2019intero ricavato sar\u00e0 destinato ai progetti dell\u2019associazione.<\/p>\n<p><b>PROGRAMMA Sagra del Seitan 2013<\/b><\/p>\n<p><b>SABATO<\/b><\/p>\n<p>Ore 15,00 &#8211; apertura della Sagra<\/p>\n<p>Ore 16,00 \u2013 Incontro con Simone Montuschi di \u201cEssere Animali\u201d (<a href=\"http:\/\/www.essereanimali.org\/\">www.essereanimali.org<\/a>):<b>\u00a0\u201cAttivismo antispecista: presentezioni delle recenti campagne e investigazioni\u201d<\/b>. Video investigativi realizzati negli allevamenti italiani per mettere le pareti di vetro a quei luoghi tenuti nascosti.<\/p>\n<p>Ore 17,00 &#8211; Incontro con Annamaria Manzoni:\u00a0<b>&#8220;Vittime di ogni specie: violenze sugli umani e violenze sugli animali&#8221;<\/b>. Seguir\u00e0 il dibattito con il pubblico.<\/p>\n<p>Ore 18,30 &#8211; \u00a0Incontro con Andrea Malgeri: Presentazione multimediale e multisensoriale di\u00a0<b>&#8220;Mamma Vega, Il primo rocambolesco ricettario vegan a fumetti&#8221;<\/b>. Saranno offerti assaggi delle ricette.<\/p>\n<p>Ore 21,00 &#8211; \u00a0<b>Concerto live, cover rock anni&#8217;70, del gruppo Lanimale<\/b>, il Super Gruppo composto da musicisti di importanti band. Con: Paolo Baglioni , Alfredo Cappelli, Saverio Lanza, Alessandro Nutini, Pacho, Andrea Orlandini, Massimo Segeni. \u00a0A seguire Dj Set con Mas-si Dj<\/p>\n<p><b>DOMENICA<\/b><\/p>\n<p>Ore 10,00 \u2013 apertura della Sagra<\/p>\n<p>Ore 11,00 \u2013 Incontro con Ramona Galletta: presentazione del libro<b>\u00a0&#8220;Viaggio tra i sapori etnico-vegani&#8221;<\/b>, edizioni Progetto Cultura. Ricette da tutto il mondo. Per conoscere i luoghi lontani attraverso il cibo non violento. Portogallo, Cina, Cuba, Israele, Africa, India, Francia, Russia, Yemen, Repubblica ceca, l\u2019emisfero attraversato in lungo e in largo per essere trasferito sulle pagine speziate di questo libro.<\/p>\n<p>Ore 12,00 &#8211; \u00a0Incontro con Massimo Filippi: presentazione del microlibro\u00a0<b>\u201cNatura infranta\u201d<\/b>, edizioni Ortica. Una ricostruzione attraverso 18 tesi della nostra storia, rivisitata con gli occhi degli animali, normalmente esclusi o semplici attori passivi della stessa.<\/p>\n<p>Ore 15,00 &#8211; \u00a0Incontro con Adriano Fragano di Campagne per gli animali (<a href=\"http:\/\/www.campagneperglianimali.org\/\">www.campagneperglianimali.org<\/a>):<b>\u00a0\u201cDenunciare la sofferenza: l\u2019esperienza di Campagne per gli animali e la pubblicit\u00e0 antispecista\u201d<\/b>. Le reazioni dei media e delle istituzioni all\u2019affissione dei mega cartelloni della campagna \u201cChi mangi oggi\u201d.<\/p>\n<p>Ore 16,00 &#8211; \u00a0Incontro con Leonardo Caffo: presentazione del libro\u00a0<b>\u201cIl maiale non fa la rivoluzione. Manifesto per un antispecismo debole\u201d\u00a0<\/b>Edizioni Sonda. Per ragionare sulla questione animale in un orizzonte morale che non sia piegato dalla violenza. Il tentativo volto a definire i nuovi obiettivi del movimento di liberazione animale attraverso la definizione e la pratica dell\u2019\u00abantispecismo debole\u00bb &#8211; una nuova teoria, per un nuovo mondo.<\/p>\n<p>Ore 17,00 &#8211; \u00a0Incontro con Dora Grieco, Laura Mencherini: presentazione del libro\u00a0<b>\u201cGuida al vivere vegan. Una bussola verde per orientarsi nel mondo vegan:\u00a0<\/b>alimenti, ristoranti, vestiti, cosmetici, festival, turismo, viaggi, indirizzi, riflessioni e informazioni per vivere 365 giorni l&#8217;anno nel rispetto degli altri animali&#8221;<b>.<\/b>\u00a0Terra Nuova Edizioni. Interverranno Anna Romano, Rossana Chimenti, Caterina Servi Scarselli.<\/p>\n<p>Ore 21,00 &#8211; \u00a0<b>Testimonianze, immagini e parole dalla parte degli animali<\/b>. Letture d\u2019autore, a cura di Progetto Vivere Vegan.<\/p>\n<p>Modera gli incontri: Giuseppe Coco di Progetto Vivere Vegan<\/p>\n<div>&#8212;&#8212;&#8212;&#8212;&#8212;&#8212;-<\/div>\n<p><b>Dedicato ai bambini<\/b>: Nei pomeriggi di sabato e domenica, dalle 15 alle 17, attivit\u00e0 per i bambini: storie, disegni, giochi a cura di Anna Lorini e Sara Baldesi di Progetto Vivere Vegan.<\/p>\n<p>Alle 18,00 del sabato e della domenica, al bar:\u00a0<b>aperitivo &#8220;happy hour vegan&#8221;<\/b>.<\/p>\n<p><b>Ristorante<\/b>\u00a0aperto con i seguenti orari: sabato dalle 16,00 alle 21,30 \u2013 domenica dalle 12 alle 21<\/p>\n<p><b>Bar<\/b>\u00a0sempre aperto: bibite, succhi di frutta, birra alla spina, vino, caff\u00e8, aperitivi\u2026 dolci, panini, arrosticini\u2026<\/p>\n","protected":false},"excerpt":{"rendered":"<p>Anche quest&#8217;anno si svolger\u00e0 l&#8217;ormai consueta\u00a0Sagra del Seitan. La decima edizione cambia di luogo e raddoppia (la durata sar\u00e0 di due giorni). Campagne per gli animali \/Veganzetta\u00a0sar\u00e0 presente con i cartelloni pubblicitari antispecisti e con una conferenza nel\u00a0pomeriggio della domenica. Di seguito il comunicato stampa e il programma. Ci si vede alla Sagra del Seitan!&hellip;<a href=\"https:\/\/www.campagneperglianimali.org\/web\/sagra-del-seitan-2013-2\/\" class=\"more-link\">Continua la lettura di <span class=\"screen-reader-text\">Sagra del seitan 2013: Ca\/Veganzetta sar\u00e0 presente<\/span><\/a><\/p>\n","protected":false},"author":1,"featured_media":1443,"comment_status":"open","ping_status":"closed","sticky":false,"template":"","format":"standard","meta":{"fifu_image_url":"","fifu_image_alt":"","iawp_total_views":2,"footnotes":""},"categories":[8,152,13,6],"tags":[70,27,334,68],"class_list":["post-1442","post","type-post","status-publish","format-standard","has-post-thumbnail","hentry","category-appuntamenti","category-attivismo","category-eventi","category-notizie","tag-firenze","tag-progetto-vivere-vegan","tag-pubblicita-antispeciste","tag-sagra-del-seitan"],"views":2934,"_links":{"self":[{"href":"https:\/\/www.campagneperglianimali.org\/web\/wp-json\/wp\/v2\/posts\/1442","targetHints":{"allow":["GET"]}}],"collection":[{"href":"https:\/\/www.campagneperglianimali.org\/web\/wp-json\/wp\/v2\/posts"}],"about":[{"href":"https:\/\/www.campagneperglianimali.org\/web\/wp-json\/wp\/v2\/types\/post"}],"author":[{"embeddable":true,"href":"https:\/\/www.campagneperglianimali.org\/web\/wp-json\/wp\/v2\/users\/1"}],"replies":[{"embeddable":true,"href":"https:\/\/www.campagneperglianimali.org\/web\/wp-json\/wp\/v2\/comments?post=1442"}],"version-history":[{"count":4,"href":"https:\/\/www.campagneperglianimali.org\/web\/wp-json\/wp\/v2\/posts\/1442\/revisions"}],"predecessor-version":[{"id":3353,"href":"https:\/\/www.campagneperglianimali.org\/web\/wp-json\/wp\/v2\/posts\/1442\/revisions\/3353"}],"wp:featuredmedia":[{"embeddable":true,"href":"https:\/\/www.campagneperglianimali.org\/web\/wp-json\/wp\/v2\/media\/1443"}],"wp:attachment":[{"href":"https:\/\/www.campagneperglianimali.org\/web\/wp-json\/wp\/v2\/media?parent=1442"}],"wp:term":[{"taxonomy":"category","embeddable":true,"href":"https:\/\/www.campagneperglianimali.org\/web\/wp-json\/wp\/v2\/categories?post=1442"},{"taxonomy":"post_tag","embeddable":true,"href":"https:\/\/www.campagneperglianimali.org\/web\/wp-json\/wp\/v2\/tags?post=1442"}],"curies":[{"name":"wp","href":"https:\/\/api.w.org\/{rel}","templated":true}]}}