{"id":1744,"date":"2013-11-03T17:49:30","date_gmt":"2013-11-03T16:49:30","guid":{"rendered":"http:\/\/www.campagneperglianimali.org\/web\/?p=1744"},"modified":"2013-11-03T17:49:30","modified_gmt":"2013-11-03T16:49:30","slug":"tutti-i-vegani-sono-uguali","status":"publish","type":"post","link":"https:\/\/www.campagneperglianimali.org\/web\/tutti-i-vegani-sono-uguali\/","title":{"rendered":"Tutti i vegani sono uguali?"},"content":{"rendered":"<p><img loading=\"lazy\" decoding=\"async\" class=\"alignnone size-full wp-image-1745\" alt=\"diet\" src=\"http:\/\/www.campagneperglianimali.org\/web\/wp-content\/uploads\/2013\/11\/diet.jpg\" width=\"526\" height=\"352\" srcset=\"https:\/\/www.campagneperglianimali.org\/web\/wp-content\/uploads\/2013\/11\/diet.jpg 526w, https:\/\/www.campagneperglianimali.org\/web\/wp-content\/uploads\/2013\/11\/diet-300x200.jpg 300w, https:\/\/www.campagneperglianimali.org\/web\/wp-content\/uploads\/2013\/11\/diet-500x334.jpg 500w, https:\/\/www.campagneperglianimali.org\/web\/wp-content\/uploads\/2013\/11\/diet-261x175.jpg 261w\" sizes=\"auto, (max-width: 526px) 100vw, 526px\" \/><\/p>\n<p><em>Fonte <a href=\"http:\/\/www.laboratorioantispecista.org\/tutti-i-vegani-sono-uguali\/\" target=\"_blank\">Laboratorio Antispecista<\/a><\/em><\/p>\n<p>Da un po\u2019 di tempo a questa parte assistiamo a un fenomeno interessante da analizzare, quello della diffusione sempre maggiore, in Italia e nel mondo, di notizie relative all\u2019aumento del numero dei vegani.<\/p>\n<p>Insieme a queste, di conseguenza, si moltiplicano le iniziative ad essi dedicate, le possibilit\u00e0 di trovare cibo consono all\u2019alimentazione prevista etc\u2026<\/p>\n<p>Senza dubbio la tematica ci interessa in prima persona ma siamo convinti che l\u2019argomento possa interessare a tutti, sia chi in qualche modo ha gi\u00e0 familiarit\u00e0 con certi concetti sia chi ci si avvicina adesso per la prima volta e che sia prioritario trattarlo.<\/p>\n<p>All\u2019indomani della giornata mondiale vegana, cerchiamo di essere il pi\u00f9 chiari possibile una volta per tutte.<\/p>\n<p>Siamo coscienti del fatto che fin dagli albori del nostro attivismo abbiamo sempre puntato ad approfondire questa come altre tematiche quotidianamente, ma riteniamo che sia in questa fase molto utile cercare di farlo nel modo pi\u00f9 esplicito e organico possibile cercando di racchiudere in un solo contributo tutti gli argomenti necessari.<\/p>\n<p>Sentiamo oggi spesso parlare di \u201c<em><strong>Stile di vita vegan<\/strong><\/em>\u201d riferendosi al veganismo e gi\u00e0 da questa espressione \u00e8 possibile ricavare delle interessantissime riflessioni circa i rilevanti errori concettuali che sempre pi\u00f9 spesso vengono commessi a riguardo.<\/p>\n<p><strong>Parlare di veganismo come stile di vita ci pone gi\u00e0 davanti a una scelta di campo<\/strong>: il veganismo, sotto questa luce, \u00e8 visto come una scelta individuale, variabile da persona a persona e conseguente a differenti fattori sociali e non.<\/p>\n<p>Questo approccio, assolutamente autoreferenziale e che di per s\u00e9 esclude quindi qualsivoglia concretizzazione pubblica (e s\u00ec possiamo dire politica) e collettiva restando confinato in una sfera del tutto isolata e individuale senza sfociare in attivit\u00e0 di divulgazione, promozione, analisi e rivendicazione, prevede una difesa del proprio stile di vita senza che quello di altri venga minimamente intaccato in quanto a sua volta scelta privata e personale e non prevede soprattutto alcuna analisi o riflessione socio-politica.<\/p>\n<p>Questo \u00e8 il primo punto che teniamo ad approfondire in quanto vegani etici e lo facciamo ponendovi una domanda:<strong>\u00a0\u00e8 possibile che una scelta etica che di per s\u00e9 nasce come critica radicale allo sfruttamento animale, base fondante di quella piramide sociale tanto cara ad Horkheimer, che prevede la tortura, la sofferenza e la morte di miliardi di esseri viventi e la loro riduzione in schiavit\u00f9 possa essere vista e considerata come una mera questione di scelta personale?<\/strong><\/p>\n<p>E soprattutto, possiamo quindi concepire e tollerare in quanto tale qualsiasi scelta diversa dalla nostra che sostenga l\u2019intero impianto sociale ed economico che lo sfruttamento sostiene?<\/p>\n<p>Sicuramente per quanto ci riguarda la risposta a entrambe le domande \u00e8 un secco no.<\/p>\n<p>Proprio per questo non parliamo mai di veganismo come di uno \u201c<em><strong>stile di vita<\/strong><\/em>\u201d o tantomeno di una \u201c<em><strong>scelta personale<\/strong><\/em>\u201d perch\u00e9, in quanto vegani etici e ritenendo inaccettabile la base di sfruttamento che caratterizza la nostra societ\u00e0, non prevediamo che esista una forma di \u201calternativa\u201d, di \u201cscelta\u201d, di \u201cpossibilit\u00e0\u201d o di \u201ccompromesso\u201d ma \u00e8 per noi conseguente a\u00a0<strong>quanto pensiamo il rifiuto di adeguarsi al paradigma del dominio dell\u2019uomo sulle altre specie e viviamo tutti i giorni l\u2019urgenza di esternarlo e renderlo collettivo \u2013 questo rifiuto \u2013 al fine di un radicale cambiamento sociale.<\/strong><\/p>\n<p>Siamo lontani dalla legittimazione di qualsivoglia altro impianto teorico e filosofico ed \u00e8 per questo che non riconosciamo ad alcuno la possibilit\u00e0 di \u201cscegliere\u201d se torturare, privare della libert\u00e0, uccidere e sfruttare milioni di animali non umani.<\/p>\n<p>Per noi il veganismo non \u00e8 uno \u201cstile di vita\u201d ma una vera e propria filosofia all\u2019interno della quale si sviluppano una serie di pratiche quotidiane (sicuramente anche quella alimentare) tutte dirette conseguenze della filosofia antispecista.<\/p>\n<p><strong>Per noi come per ogni vegano etico, il veganismo \u00e8 una conseguenza di un impianto filosofico strutturato (ascrivibile oggi al concetto di \u201cantispecismo\u201d) e non pu\u00f2 in quanto tale essere relegato a una sfera personale o individuale diventando senza dubbio concetto collettivo, sociale e politico.<\/strong><\/p>\n<p>Da qui, a cascata, una serie di riflessioni circa il nostro antispecismo che abbiamo pi\u00f9 volte esternato in attivit\u00e0 pubbliche di divulgazione sia a mezzo internet che a mezzo di incontri e conferenze e soprattutto una serie di critiche al fenomeno di massiva diffusione della scelta alimentare vegan a cui stiamo assistendo oggi.<\/p>\n<p>Sappiamo che di certo molti \u201cvegani\u201d saranno stati fino ad oggi entusiasti dell\u2019apparente sempre maggiore consenso che la \u201cscelta vegan\u201d ottiene a livello sociale ma invitiamo tutti ancora una volta a riflettere in modo da aver chiaro sia quel che noi affermiamo sia quanto questa situazione sia di per s\u00e9 tutt\u2019altro che positiva per un antispecista e vegano etico.<\/p>\n<p>Oggi sempre pi\u00f9 catene di distribuzione alimentare trattano prodotti specifici per vegani.<\/p>\n<p>Oggi sempre pi\u00f9 attivit\u00e0 commerciali si rivolgono a una clientela vegan.<\/p>\n<p>Oggi sempre pi\u00f9 iniziative di diffusione di questa \u201cscelta alimentare\u201d si diffondono.<\/p>\n<p><strong>Ma siamo sicuri che queste siano appunto emanazione della \u201cfilosofia antispecista\/vegana\u201d e che non siano semplicemente manifestazioni di una crescente diffusione dello \u201cstile di vita vegan\u201d?<\/strong><\/p>\n<p>Noi conosciamo gi\u00e0 la risposta e assistiamo a questo fenomeno continuando a seguire la strada dell\u2019antispecismo e del veganismo etico cercando ogni giorno e in occasioni come questa di mettere \u2013 come si dice \u2013 i puntini sulle i e fare le dovute differenze.<\/p>\n<p>Potremmo citare molti esempi ma partiamo da uno palese, che oramai \u00e8 sotto gli occhi di tutti: la tendenza a unire automaticamente e acriticamente il concetto di veganismo al concetto di biologico.<\/p>\n<p>Questo legame non \u00e8 automatico, un vegano etico non \u00e8 \u201cobbligato\u201d a ricercare necessariamente un cibo certificato biologico.<\/p>\n<p>Al di l\u00e0 di un lungo discorso che potremmo riprendere qui ma che abbiamo mille volte affrontato circa il mondo delle certificazioni attorno al quale girano soldi a palate, la correlazione tra i due concetti non \u00e8 immediata e soprattutto \u00e8 rischioso farla in automatico senza porsi dei problemi anche riguardo alla propria partecipazione ad iniziative come fiere del biologico e simili.<\/p>\n<p>Che un vegano giudichi positive addirittura partecipandovi iniziative travisate da divulgative che altro non sono se non contenitori di offerte commerciali indirizzate a una nuova fetta di consumatore in cui coesistono realt\u00e0 totalmente avulse dalla scelta radicale vegan e considerabili al contrario di questa \u201cnemiche\u201d , lo consideriamo senza dubbio lesivo del vero significato del termine \u201cveganismo\u201d e della filosofia antispecista che, di per s\u00e9, \u00e8 radicale critica al sistema.<\/p>\n<p>Un banco di carni biologiche non \u00e8 migliore di un banco di carni \u201cnormali\u201d.<\/p>\n<p><strong>Che si gioisca perch\u00e9 banchi di un supermercato si riempiono sempre pi\u00f9 di prodotti tarati su un target di clientela vegana ci rende oggi pi\u00f9 che mai convinti che quel che \u00e8 primario fare \u00e8 diffondere sempre pi\u00f9 i contenuti radicali della scelta vegan.<\/strong><\/p>\n<p>La confusione regna sovrana: sempre pi\u00f9 spesso il veganismo viene accostato a \u201cdiete\u201d come il crudismo o a percorsi alimentari quali l\u2019igienismo o simili, sempre pi\u00f9 spesso questo perde il suo contenuto politico e sociale e si depaupera di significato perdendosi in percorsi che invece danno forza a tutti gli elementi che questo combatte e vuole abbattere.<\/p>\n<p>Paradossalmente \u201csi stava meglio quando si stava peggio\u201d, come si suole dire.<\/p>\n<p>Fino a qualche anno fa, quando il veganismo non era un concetto che il Sistema era ancora pronto a riassorbire e fare proprio a suo vantaggio, era assolutamente chiaro il suo carattere politico e, s\u00ec, senza dubbio i vegani erano numericamente meno ma senza dubbio il carattere dell\u2019impianto filosofico era pi\u00f9 chiaro cos\u00ec come pi\u00f9 chiaro era il suo ruolo di spaccatura verso l\u2019esistente.<\/p>\n<p>Oggi invece, che il veganismo dal Sistema \u00e8 stato commercialmente pi\u00f9 che riassorbito, grandi masse di persone hanno creduto di avvicinarvisi in modo corretto non comprendendo invece di stare inferendo colpi di piccone laceranti a un movimento radicale che ad oggi risulta senza dubbio indebolito nei suoi contenuti proprio della sua larga ed errata diffusione.<\/p>\n<p>Quale contributo porta un vegan-igienista alla causa dell\u2019antispecismo?<\/p>\n<p>Quale contributo porta un pasto vegan consumato solo per il piacere del gusto alla critica radicale?<\/p>\n<p>Bisogna tenere gli occhi ben aperti e leggere la realt\u00e0 attraverso una lente ben funzionante, che sappia cogliere le sfumature pi\u00f9 tenui di un fenomeno che rischia ogni giorno di soccombere, ucciso \u2013 come gi\u00e0 molti movimenti politici dalle grandi potenzialit\u00e0 \u2013 proprio dai suoi stessi pseudo attivisti che \u2013 in buona o mala fede \u2013 lo rendono massivo svuotandolo di contenuti.<\/p>\n<p>Ecco perch\u00e9 nelle nostre attivit\u00e0 quotidiane \u2013 sia come Laboratorio Antispecista che come Watership Down- uniamo stimoli come questo all\u2019azione di divulgazione e attivismo che operiamo all\u2019interno e all\u2019esterno del luogo fisico Watership, perch\u00e9 i contenuti legati al veganismo e all\u2019antispecista siano sempre presenti per tutti coloro i quali siano pronti a vedere il loro carattere di critica radicale e non si fermino nel loro pensare e nel loro agire allo \u201cstile di vita\u201d e abbiamo sempre rifiutato e sempre rifiuteremo di vendere il veganismo come concetto commerciale, anche a \u201crischio\u201d di lunghe discussioni che, se anche qualcuno le rifiuta credendo che vegani si nasca o che \u201cl\u2019importante sia che siamo di pi\u00f9\u201d, sono il buono del nostro percorso d\u2019attivismo.<\/p>\n<p>I vegani no, non sono tutti uguali.<\/p>\n<p>Non importa il punto a cui si arriva, ma le premesse da cui si parte e il percorso che si fa.<\/p>\n","protected":false},"excerpt":{"rendered":"<p>Fonte Laboratorio Antispecista Da un po\u2019 di tempo a questa parte assistiamo a un fenomeno interessante da analizzare, quello della diffusione sempre maggiore, in Italia e nel mondo, di notizie relative all\u2019aumento del numero dei vegani. Insieme a queste, di conseguenza, si moltiplicano le iniziative ad essi dedicate, le possibilit\u00e0 di trovare cibo consono all\u2019alimentazione&hellip;<a href=\"https:\/\/www.campagneperglianimali.org\/web\/tutti-i-vegani-sono-uguali\/\" class=\"more-link\">Continua la lettura di <span class=\"screen-reader-text\">Tutti i vegani sono uguali?<\/span><\/a><\/p>\n","protected":false},"author":1,"featured_media":1745,"comment_status":"open","ping_status":"closed","sticky":false,"template":"","format":"standard","meta":{"fifu_image_url":"","fifu_image_alt":"","iawp_total_views":0,"footnotes":""},"categories":[6],"tags":[627,629,137,48,628],"class_list":["post-1744","post","type-post","status-publish","format-standard","has-post-thumbnail","hentry","category-notizie","tag-laboratorio-antispecista","tag-stile-di-vita-vegan","tag-vegan","tag-veganismo","tag-veganismo-come-dieta"],"views":2524,"_links":{"self":[{"href":"https:\/\/www.campagneperglianimali.org\/web\/wp-json\/wp\/v2\/posts\/1744","targetHints":{"allow":["GET"]}}],"collection":[{"href":"https:\/\/www.campagneperglianimali.org\/web\/wp-json\/wp\/v2\/posts"}],"about":[{"href":"https:\/\/www.campagneperglianimali.org\/web\/wp-json\/wp\/v2\/types\/post"}],"author":[{"embeddable":true,"href":"https:\/\/www.campagneperglianimali.org\/web\/wp-json\/wp\/v2\/users\/1"}],"replies":[{"embeddable":true,"href":"https:\/\/www.campagneperglianimali.org\/web\/wp-json\/wp\/v2\/comments?post=1744"}],"version-history":[{"count":1,"href":"https:\/\/www.campagneperglianimali.org\/web\/wp-json\/wp\/v2\/posts\/1744\/revisions"}],"predecessor-version":[{"id":1746,"href":"https:\/\/www.campagneperglianimali.org\/web\/wp-json\/wp\/v2\/posts\/1744\/revisions\/1746"}],"wp:featuredmedia":[{"embeddable":true,"href":"https:\/\/www.campagneperglianimali.org\/web\/wp-json\/wp\/v2\/media\/1745"}],"wp:attachment":[{"href":"https:\/\/www.campagneperglianimali.org\/web\/wp-json\/wp\/v2\/media?parent=1744"}],"wp:term":[{"taxonomy":"category","embeddable":true,"href":"https:\/\/www.campagneperglianimali.org\/web\/wp-json\/wp\/v2\/categories?post=1744"},{"taxonomy":"post_tag","embeddable":true,"href":"https:\/\/www.campagneperglianimali.org\/web\/wp-json\/wp\/v2\/tags?post=1744"}],"curies":[{"name":"wp","href":"https:\/\/api.w.org\/{rel}","templated":true}]}}