{"id":1826,"date":"2013-12-09T21:53:57","date_gmt":"2013-12-09T20:53:57","guid":{"rendered":"http:\/\/www.campagneperglianimali.org\/web\/?p=1826"},"modified":"2021-02-09T14:13:46","modified_gmt":"2021-02-09T13:13:46","slug":"processo-green-hill-lapertura","status":"publish","type":"post","link":"https:\/\/www.campagneperglianimali.org\/web\/processo-green-hill-lapertura\/","title":{"rendered":"Processo Green Hill: l\u2019apertura"},"content":{"rendered":"<p><em>Fonte: <a href=\"http:\/\/www.veganzetta.org\/?p=4341\" target=\"_blank\" rel=\"noopener\">Veganzetta.org<\/a><\/em><\/p>\n<p><b>Processo Green Hill<\/b><\/p>\n<p>Marted\u00ec 10 dicembre 2013 si apre il processo contro le persone che hanno liberato alcuni Cani dal lager Green Hill di Montichiari il 28 aprile 2012 durante una manifestazione di protesta.<br \/>\nVeganzetta ha deciso di dare supporto e visibilit\u00e0 a una di queste persone che \u00e8 sempre stata molto vicina alle posizioni del giornale:\u00a0<strong>Luana Martucci<\/strong>.<\/p>\n<p><!--more-->Da oggi sul sito web di Veganzetta saranno pubblicate notizie, aggiornamenti, comunicati e dichiarazioni relativamente alle vicissitudini giudiziarie di Luana che dovr\u00e0 rispondere delle accuse di furto e danneggiamento.<\/p>\n<p>Di seguito \u00e8 possibile leggere la prima dichiarazione pubblica di Luana Martucci in occasione \u00a0dell\u2019udienza del 10 dicembre.\u00a0<b><\/b><\/p>\n<p><b>10 dicembre 2013 \u2013 Primo comunicato<\/b><\/p>\n<p><b>Liberazione Green Hill: stato di necessit\u00e0<\/b><\/p>\n<p><em>il 28 aprile a Green Hill mi sono trovata di fronte a degli individui imprigionati, condannati a tortura e morte, privi di ogni diritto a vivere la propria vita in modo libero. Individui che non erano in grado di liberarsi da soli da quella schiavit\u00f9. Un Cane, come qualsiasi essere senziente, ha una storia, dei ricordi, dei sentimenti e delle emozioni. Desidera vivere una vita piena e libera intrattenendo relazioni sociali; per tali ragioni non sarebbe errato definirlo una persona non umana. Chi si ostina a negare tutto ci\u00f2, nega un\u2019evidenza. Chi si ostina a lucrare sulla vita degli altri, anche se non umani, compie un atto profondamente ingiusto se non agli occhi della Legge, che lo permette, perlomeno a quelli della coscienza che non pu\u00f2 essere zittita. E\u2019 questa coscienza, e il senso di giustizia che ne deriva che ho ritenuto di dover seguire, agendo direttamente e liberando chi non poteva liberarsi da solo, e che non avrebbe di sicuro avuto alcuna speranza per un futuro migliore. Ho semplicemente manifestato loro la mia solidariet\u00e0. Non avrei potuto rivolgermi a nessuno per aiutare questi individui. Le leggi che regolano la nostra societ\u00e0 permettono lo sfruttamento di questi esseri senzienti, e la nostra cultura e il nostro modo di vivere si fonda sulla possibilit\u00e0 di sfruttarli e ucciderli, per mangiarli, per indossare la loro pelle o semplicemente per divertirci. Per la nostra societ\u00e0 gli Animali sono oggetti e producono reddito, per me sono individui che desiderano vivere. Ho agito in conseguenza a ci\u00f2 che credo giusto, ho seguito un principio di civilt\u00e0 e umanit\u00e0. Nella storia umana anche la schiavit\u00f9 di altri umani, o l\u2019olocausto, o l\u2019apartheid sono stati a lungo permessi dalle leggi, eppure molti le hanno trasgredite queste leggi per portare solidariet\u00e0 a queste persone e sottrarle a un destino orribile. La mia \u00e8 una forma di disobbedienza e denuncia nei confronti di leggi ingiuste, e un\u2019azione solidariet\u00e0 a chi non pu\u00f2 liberarsi.<\/em><\/p>\n<p><em>Il mio atto \u00e8 scaturito pertanto da uno stato di necessit\u00e0, lo stesso che si verrebbe a creare nel momento in cui una donna, un uomo, un bambino si venissero a trovare in una situazione di privazione totale dei pi\u00f9 semplici diritti individuali, che mai dovrebbero essere negati.<\/em><\/p>\n<p><em>In questo ritengo la liberazione animale un atto diretto di giustizia<\/em><\/p>\n<p><em>Oggi sono pertanto chiamata a rendere conto del compimento di un atto dettato dalla necessit\u00e0 di salvare dalla tortura e dalla prigionia persone non umane, altrimenti destinate a una lunga agonia e alla morte; e questo solo per il semplice fatto di non appartenere alla specie umana. Non considero quindi il mio gesto sbagliato, bens\u00ec giusto e necessario.<\/em><\/p>\n<p>Luana Martucci<\/p>\n<p><a href=\"http:\/\/www.veganzetta.org\/wp-content\/uploads\/2013\/12\/veganzetta-processo-green-hill-primo-comunicato.pdf\" target=\"_blank\" rel=\"noopener\"><strong>Download comunicato in formato .pdf<\/strong><\/a><\/p>\n","protected":false},"excerpt":{"rendered":"<p>Fonte: Veganzetta.org Processo Green Hill Marted\u00ec 10 dicembre 2013 si apre il processo contro le persone che hanno liberato alcuni Cani dal lager Green Hill di Montichiari il 28 aprile 2012 durante una manifestazione di protesta. Veganzetta ha deciso di dare supporto e visibilit\u00e0 a una di queste persone che \u00e8 sempre stata molto vicina&hellip;<a href=\"https:\/\/www.campagneperglianimali.org\/web\/processo-green-hill-lapertura\/\" class=\"more-link\">Continua la lettura di <span class=\"screen-reader-text\">Processo Green Hill: l\u2019apertura<\/span><\/a><\/p>\n","protected":false},"author":1,"featured_media":3912,"comment_status":"open","ping_status":"closed","sticky":false,"template":"","format":"standard","meta":{"fifu_image_url":"","fifu_image_alt":"","iawp_total_views":2,"footnotes":""},"categories":[6],"tags":[340,95,93,668,101,669,44,98],"class_list":["post-1826","post","type-post","status-publish","format-standard","has-post-thumbnail","hentry","category-notizie","tag-beagle","tag-cani","tag-green-hill","tag-luana-martucci","tag-montichiari","tag-processo-liberatori-green-hill","tag-veganzetta","tag-vivisezione"],"views":2514,"_links":{"self":[{"href":"https:\/\/www.campagneperglianimali.org\/web\/wp-json\/wp\/v2\/posts\/1826","targetHints":{"allow":["GET"]}}],"collection":[{"href":"https:\/\/www.campagneperglianimali.org\/web\/wp-json\/wp\/v2\/posts"}],"about":[{"href":"https:\/\/www.campagneperglianimali.org\/web\/wp-json\/wp\/v2\/types\/post"}],"author":[{"embeddable":true,"href":"https:\/\/www.campagneperglianimali.org\/web\/wp-json\/wp\/v2\/users\/1"}],"replies":[{"embeddable":true,"href":"https:\/\/www.campagneperglianimali.org\/web\/wp-json\/wp\/v2\/comments?post=1826"}],"version-history":[{"count":2,"href":"https:\/\/www.campagneperglianimali.org\/web\/wp-json\/wp\/v2\/posts\/1826\/revisions"}],"predecessor-version":[{"id":3384,"href":"https:\/\/www.campagneperglianimali.org\/web\/wp-json\/wp\/v2\/posts\/1826\/revisions\/3384"}],"wp:featuredmedia":[{"embeddable":true,"href":"https:\/\/www.campagneperglianimali.org\/web\/wp-json\/wp\/v2\/media\/3912"}],"wp:attachment":[{"href":"https:\/\/www.campagneperglianimali.org\/web\/wp-json\/wp\/v2\/media?parent=1826"}],"wp:term":[{"taxonomy":"category","embeddable":true,"href":"https:\/\/www.campagneperglianimali.org\/web\/wp-json\/wp\/v2\/categories?post=1826"},{"taxonomy":"post_tag","embeddable":true,"href":"https:\/\/www.campagneperglianimali.org\/web\/wp-json\/wp\/v2\/tags?post=1826"}],"curies":[{"name":"wp","href":"https:\/\/api.w.org\/{rel}","templated":true}]}}