{"id":1972,"date":"2014-02-27T12:01:41","date_gmt":"2014-02-27T11:01:41","guid":{"rendered":"http:\/\/www.campagneperglianimali.org\/web\/?p=1972"},"modified":"2021-03-19T16:54:12","modified_gmt":"2021-03-19T15:54:12","slug":"persone-comunicato-stampa","status":"publish","type":"post","link":"https:\/\/www.campagneperglianimali.org\/web\/persone-comunicato-stampa\/","title":{"rendered":"PERSONE: comunicato stampa"},"content":{"rendered":"<p><i><img loading=\"lazy\" decoding=\"async\" class=\"wp-image-1864 aligncenter\" src=\"http:\/\/www.campagneperglianimali.org\/web\/wp-content\/uploads\/2014\/01\/persone-ca-medium.jpg\" alt=\"persone-ca-medium\" width=\"613\" height=\"306\" srcset=\"https:\/\/www.campagneperglianimali.org\/web\/wp-content\/uploads\/2014\/01\/persone-ca-medium.jpg 870w, https:\/\/www.campagneperglianimali.org\/web\/wp-content\/uploads\/2014\/01\/persone-ca-medium-300x150.jpg 300w, https:\/\/www.campagneperglianimali.org\/web\/wp-content\/uploads\/2014\/01\/persone-ca-medium-500x249.jpg 500w, https:\/\/www.campagneperglianimali.org\/web\/wp-content\/uploads\/2014\/01\/persone-ca-medium-350x175.jpg 350w\" sizes=\"auto, (max-width: 613px) 100vw, 613px\" \/><\/i><\/p>\n<p>Luned\u00ec, 24 febbraio 2014<\/p>\n<h2><strong>\u201cPersone&#8221;<\/strong><\/h2>\n<p>Affissi ad Arezzo i mega manifesti della nuova campagna pubblicitaria antispecista per invitare a riflettere sul rapporto che abbiamo con gli altri Animali.\u2028\u2028Dopo il successo mediatico ottenuto lo scorso anno con l&#8217;affissione a Grosseto della pubblicit\u00e0 &#8220;CHI mangi oggi?&#8221;, le associazioni <b>Campagne per gli Animali <\/b>e<b> Progetto Vivere Vegan Onlus<\/b> hanno promosso la pubblicazione di quattro manifesti \u00a0di grandi dimensioni (sei metri per tre) lungo alcune vie centrali della citt\u00e0 di <b>Arezzo<\/b>.<\/p>\n<p><!--more-->Le gigantografie affisse rappresentano un insieme di sedici primissimi piani in bianco e nero di Animali non umani e di Umani mescolati tra loro. La composizione grafica \u00e8 affiancata dal titolo <b>PERSONE<\/b> e da un breve testo esplicativo in cui si esprime un concetto base: tutti gli Animali sono individui con una propria storia, linguaggio, con proprie emozioni e sensazioni; individui che nessuno ha il diritto di sfruttare e controllare, che intrattengono rapporti con altri simili e non, e che pertanto devono essere considerati persone a pieno titolo. Il messaggio veicolato dalla pubblicit\u00e0 \u201cPERSONE\u201d si inserisce in un pi\u00f9 ampio programma denominato Pubblicit\u00e0 Antispecista, che ha come intento quello di far riflettere sul rapporto che la societ\u00e0 umana ha con gli altri Animali. \u00a0Ogni singolo progetto pubblicitario \u00e8 pensato e realizzato per fornire un messaggio atto al superamento delle barriere culturali, filosofiche e ideologiche esistenti tra la societ\u00e0 umana e gli altri esseri senzienti.<\/p>\n<p><b>Campagne per gli animali<\/b>, in quanto progetto di contro-informazione e sensibilizzazione su tematiche antispeciste e vegane, offre il proprio lavoro pubblicitario gratuitamente a tutte le persone, gruppi o associazioni che sul territorio intendono utilizzarle a fini informativi.\u00a0<b>Progetto Vivere Vegan<\/b>, opera sul territorio italiano per la diffusione della cultura e della filosofia vegan e antispecista.<\/p>\n<p><b>La pubblicit\u00e0 PERSONE rimarr\u00e0 esposta al pubblico ad Arezzo fino al 10 marzo 2014<\/b> (piazza del Popolo, via Signorelli, via Dovizi, via Colombo).<\/p>\n<p>La notizia dell\u2019affissione ad Arezzo della pubblicit\u00e0 antispecista \u201cPERSONE\u201d \u00e8 stata pubblicata \u00a0anche dal Corriere della sera (articolo del blog VEGGOANCHIO del Corriere della Sera):\u00a0<a href=\"http:\/\/veggoanchio.corriere.it\/2014\/02\/25\/animali-no-persone-la-nuova-campagna-pubblicitaria-antispecista\/\">http:\/\/veggoanchio.corriere.it\/2014\/02\/25\/animali-no-persone-la-nuova-campagna-pubblicitaria-antispecista\/<\/a><br \/>\nE su La Nazione <a href=\"http:\/\/www.lanazione.it\/arezzo\/curiosita\/2014\/02\/27\/1031886-animali_persone_arezzo_tappezzata_mega_manifesti_della_nuova_campagna_antispecista.shtml\">http:\/\/www.lanazione.it\/arezzo\/curiosita\/2014\/02\/27\/1031886-animali_persone_arezzo_tappezzata_mega_manifesti_della_nuova_campagna_antispecista.shtml<\/a><\/p>\n<p>Saluti antispecisti<\/p>\n<p><strong><i>Campagne per gli animali<\/i><\/strong><br \/>\n<span style=\"text-decoration: underline;\"><a title=\"http:\/\/www.campagneperglianimali.org\/\" href=\"http:\/\/www.campagneperglianimali.org\/\" target=\"_blank\" rel=\"noopener\">www.campagneperglianimali.org<\/a><\/span><\/p>\n","protected":false},"excerpt":{"rendered":"<p>Luned\u00ec, 24 febbraio 2014 \u201cPersone&#8221; Affissi ad Arezzo i mega manifesti della nuova campagna pubblicitaria antispecista per invitare a riflettere sul rapporto che abbiamo con gli altri Animali.\u2028\u2028Dopo il successo mediatico ottenuto lo scorso anno con l&#8217;affissione a Grosseto della pubblicit\u00e0 &#8220;CHI mangi oggi?&#8221;, le associazioni Campagne per gli Animali e Progetto Vivere Vegan Onlus&hellip;<a href=\"https:\/\/www.campagneperglianimali.org\/web\/persone-comunicato-stampa\/\" class=\"more-link\">Continua la lettura di <span class=\"screen-reader-text\">PERSONE: comunicato stampa<\/span><\/a><\/p>\n","protected":false},"author":1,"featured_media":1864,"comment_status":"open","ping_status":"closed","sticky":false,"template":"","format":"standard","meta":{"fifu_image_url":"","fifu_image_alt":"","iawp_total_views":5,"footnotes":""},"categories":[7,13,20,6,5],"tags":[697,767,149,696,67],"class_list":["post-1972","post","type-post","status-publish","format-standard","has-post-thumbnail","hentry","category-comunicati","category-eventi","category-media","category-notizie","category-pubblicita","tag-animali-persone","tag-arezzo","tag-comunicato-stampa","tag-persone","tag-pubblicita-antispecista"],"views":3470,"_links":{"self":[{"href":"https:\/\/www.campagneperglianimali.org\/web\/wp-json\/wp\/v2\/posts\/1972","targetHints":{"allow":["GET"]}}],"collection":[{"href":"https:\/\/www.campagneperglianimali.org\/web\/wp-json\/wp\/v2\/posts"}],"about":[{"href":"https:\/\/www.campagneperglianimali.org\/web\/wp-json\/wp\/v2\/types\/post"}],"author":[{"embeddable":true,"href":"https:\/\/www.campagneperglianimali.org\/web\/wp-json\/wp\/v2\/users\/1"}],"replies":[{"embeddable":true,"href":"https:\/\/www.campagneperglianimali.org\/web\/wp-json\/wp\/v2\/comments?post=1972"}],"version-history":[{"count":5,"href":"https:\/\/www.campagneperglianimali.org\/web\/wp-json\/wp\/v2\/posts\/1972\/revisions"}],"predecessor-version":[{"id":3869,"href":"https:\/\/www.campagneperglianimali.org\/web\/wp-json\/wp\/v2\/posts\/1972\/revisions\/3869"}],"wp:featuredmedia":[{"embeddable":true,"href":"https:\/\/www.campagneperglianimali.org\/web\/wp-json\/wp\/v2\/media\/1864"}],"wp:attachment":[{"href":"https:\/\/www.campagneperglianimali.org\/web\/wp-json\/wp\/v2\/media?parent=1972"}],"wp:term":[{"taxonomy":"category","embeddable":true,"href":"https:\/\/www.campagneperglianimali.org\/web\/wp-json\/wp\/v2\/categories?post=1972"},{"taxonomy":"post_tag","embeddable":true,"href":"https:\/\/www.campagneperglianimali.org\/web\/wp-json\/wp\/v2\/tags?post=1972"}],"curies":[{"name":"wp","href":"https:\/\/api.w.org\/{rel}","templated":true}]}}