{"id":2023,"date":"2014-04-12T17:31:16","date_gmt":"2014-04-12T16:31:16","guid":{"rendered":"http:\/\/www.campagneperglianimali.org\/web\/?p=2023"},"modified":"2014-04-12T17:36:05","modified_gmt":"2014-04-12T16:36:05","slug":"la-sagra-del-seitan-questanno-non-si-fara","status":"publish","type":"post","link":"https:\/\/www.campagneperglianimali.org\/web\/la-sagra-del-seitan-questanno-non-si-fara\/","title":{"rendered":"La Sagra del Seitan quest&#8217;anno non si far\u00e0"},"content":{"rendered":"<p><em><img loading=\"lazy\" decoding=\"async\" class=\"alignnone size-medium wp-image-2024\" alt=\"sagra-del-seitan\" src=\"http:\/\/www.campagneperglianimali.org\/web\/wp-content\/uploads\/2014\/04\/sagra-del-seitan-500x333.jpg\" width=\"500\" height=\"333\" srcset=\"https:\/\/www.campagneperglianimali.org\/web\/wp-content\/uploads\/2014\/04\/sagra-del-seitan-500x333.jpg 500w, https:\/\/www.campagneperglianimali.org\/web\/wp-content\/uploads\/2014\/04\/sagra-del-seitan-300x199.jpg 300w, https:\/\/www.campagneperglianimali.org\/web\/wp-content\/uploads\/2014\/04\/sagra-del-seitan-1024x682.jpg 1024w, https:\/\/www.campagneperglianimali.org\/web\/wp-content\/uploads\/2014\/04\/sagra-del-seitan-262x175.jpg 262w, https:\/\/www.campagneperglianimali.org\/web\/wp-content\/uploads\/2014\/04\/sagra-del-seitan-900x599.jpg 900w, https:\/\/www.campagneperglianimali.org\/web\/wp-content\/uploads\/2014\/04\/sagra-del-seitan.jpg 2048w\" sizes=\"auto, (max-width: 500px) 100vw, 500px\" \/><\/em><\/p>\n<p><em>Fonte <a href=\"http:\/\/www.viverevegan.org\" target=\"_blank\">Progetto Vivere Vegan<\/a><\/em><\/p>\n<p>Care amiche e cari amici,<\/p>\n<p>sentiamo di dovervi scrivere due righe in pi\u00f9 per spiegarvi il perch\u00e9 la Sagra del Seitan quest&#8217;anno non ci sar\u00e0. Il motivo principale \u00e8 che quest&#8217;anno non siamo riusc\u00ec a formare in tempo un gruppo di lavoro per organizzarla. Realizzare questo evento vuol dire dedicare diversi mesi a titolo gratuito e non molte persone sono disposte a farlo.<br \/>\nSiamo noi i primi ad essere dispiaciuti e cogliamo l&#8217;occasione per lanciare un appello per trovare qualcuno di competente che voglia aggiungersi al gruppo organizzativo (a titolo di volontariato) e dedicarsi alla realizzazione della Sagra del Seitan del 2015. E&#8217; necessario che sia di Firenze per poter seguire, con il resto del gruppo, le diverse incombenze organizzative.<\/p>\n<div>\n<p>Speriamo che per il 2015, partendo cos\u00ec in anticipo, le cose possano andare diversamente riuscendo a realizzare l&#8217;undicesima edizione del festival vegano della nostra associazione.<\/p>\n<p>Cari saluti<\/p>\n<p>dal gruppo di attivisti di PVV<\/p>\n<\/div>\n","protected":false},"excerpt":{"rendered":"<p>Fonte Progetto Vivere Vegan Care amiche e cari amici, sentiamo di dovervi scrivere due righe in pi\u00f9 per spiegarvi il perch\u00e9 la Sagra del Seitan quest&#8217;anno non ci sar\u00e0. Il motivo principale \u00e8 che quest&#8217;anno non siamo riusc\u00ec a formare in tempo un gruppo di lavoro per organizzarla. Realizzare questo evento vuol dire dedicare diversi&hellip;<a href=\"https:\/\/www.campagneperglianimali.org\/web\/la-sagra-del-seitan-questanno-non-si-fara\/\" class=\"more-link\">Continua la lettura di <span class=\"screen-reader-text\">La Sagra del Seitan quest&#8217;anno non si far\u00e0<\/span><\/a><\/p>\n","protected":false},"author":1,"featured_media":2024,"comment_status":"open","ping_status":"closed","sticky":false,"template":"","format":"standard","meta":{"fifu_image_url":"","fifu_image_alt":"","iawp_total_views":0,"footnotes":""},"categories":[152,13,6],"tags":[27,68,810],"class_list":["post-2023","post","type-post","status-publish","format-standard","has-post-thumbnail","hentry","category-attivismo","category-eventi","category-notizie","tag-progetto-vivere-vegan","tag-sagra-del-seitan","tag-sagra-del-seitan-firenze"],"views":2677,"_links":{"self":[{"href":"https:\/\/www.campagneperglianimali.org\/web\/wp-json\/wp\/v2\/posts\/2023","targetHints":{"allow":["GET"]}}],"collection":[{"href":"https:\/\/www.campagneperglianimali.org\/web\/wp-json\/wp\/v2\/posts"}],"about":[{"href":"https:\/\/www.campagneperglianimali.org\/web\/wp-json\/wp\/v2\/types\/post"}],"author":[{"embeddable":true,"href":"https:\/\/www.campagneperglianimali.org\/web\/wp-json\/wp\/v2\/users\/1"}],"replies":[{"embeddable":true,"href":"https:\/\/www.campagneperglianimali.org\/web\/wp-json\/wp\/v2\/comments?post=2023"}],"version-history":[{"count":3,"href":"https:\/\/www.campagneperglianimali.org\/web\/wp-json\/wp\/v2\/posts\/2023\/revisions"}],"predecessor-version":[{"id":2027,"href":"https:\/\/www.campagneperglianimali.org\/web\/wp-json\/wp\/v2\/posts\/2023\/revisions\/2027"}],"wp:featuredmedia":[{"embeddable":true,"href":"https:\/\/www.campagneperglianimali.org\/web\/wp-json\/wp\/v2\/media\/2024"}],"wp:attachment":[{"href":"https:\/\/www.campagneperglianimali.org\/web\/wp-json\/wp\/v2\/media?parent=2023"}],"wp:term":[{"taxonomy":"category","embeddable":true,"href":"https:\/\/www.campagneperglianimali.org\/web\/wp-json\/wp\/v2\/categories?post=2023"},{"taxonomy":"post_tag","embeddable":true,"href":"https:\/\/www.campagneperglianimali.org\/web\/wp-json\/wp\/v2\/tags?post=2023"}],"curies":[{"name":"wp","href":"https:\/\/api.w.org\/{rel}","templated":true}]}}