{"id":203,"date":"2010-03-12T15:18:31","date_gmt":"2010-03-12T15:18:31","guid":{"rendered":"http:\/\/www.campagneperglianimali.org\/web\/?p=203"},"modified":"2021-03-19T11:51:40","modified_gmt":"2021-03-19T10:51:40","slug":"alessandria-12-marzo-2010","status":"publish","type":"post","link":"https:\/\/www.campagneperglianimali.org\/web\/alessandria-12-marzo-2010\/","title":{"rendered":"&#8220;Ti guardano tutti negli occhi&#8221; ad Alessandria"},"content":{"rendered":"<p><strong>12 marzo 2010, Alessandria<br \/>\nproiezione sul tema &#8220;Meno carne=Meno riscaldamento&#8221;<\/strong><\/p>\n<p><em>Testimonianza di Massimo di Alessandria:<\/em><\/p>\n<p>Venerd\u00ec 12 marzo 2010 abbiamo organizzato in Alessandria la proiezione di una parte dell&#8217;audizione tenutasi lo scorso 3 dicembre 2009 presso il Parlamento Europeo, su proposta del Vice Presidente McMillan-Scott, sul tema &#8220;Riscaldamento globale e Sicurezza alimentare: Meno carne = Meno riscaldamento&#8221;.<\/p>\n<p>La proiezione ha riguardato l&#8217;introduzione del Presidente del Parlamento Europeo Buzek e del Vice Presidente McMillan-Scott e poi gli interventi dei relatori pi\u00f9 importanti: Dr Olivier De Schutter, Relatore Speciale delle Nazioni Unite sul Diritto all&#8217;Alimentazione; Prof. Rajendra K. Pachauri, Presidente del Panel Intergovernativo sui Cambiamenti Climatici delle Nazioni Unite; e infine di Paul McCartney, ex Beatles e ambientalista, promotore nel Regno Unito della Campagna &#8220;Meat Free Monday&#8221;.<\/p>\n<p>L&#8217;audizione si \u00e8 conclusa con una dichiarazione congiunta di McMillan-Scott, Pachauri e McCartney in cui si invitano tutti i responsabili in Europa e nel mondo a &#8220;promuovere misure a livello internazionale, nazionale e locale per affrontare le problematiche ambientali e di salute pubblica attraverso una giornata settimanale senza carne come metodo pi\u00f9 efficace per la lotta contro il riscaldamento del pianeta&#8221;.<\/p>\n<p>Per approfondire meglio il tema della serata sul nesso tra riscaldamento globale e produzione di carne, inclusa la deforestazione per fare largo ai pascoli o per produrre foraggio, abbiamo proiettato anche la versione breve del film &#8220;MEAT THE TRUTH&#8221;.<\/p>\n<p>Se ridurre il consumo di carne per proteggere l&#8217;ambiente \u00e8 importante, azzerarlo \u00e8 ancora meglio, e con esso anche il consumo di latte e uova. Per questo, nell&#8217;introdurre la serata abbiamo spiegato che quello che ci interessa di pi\u00f9, oltre all&#8217;ambiente, \u00e8 non far nascere pi\u00f9 animali allo scopo di essere sfruttati e divenire carne da macello o produttori di latte e uova.<strong> In questo ci siamo avvalsi di uno dei manifesti di Campagne per gli animali, che abbiamo posizionato di fronte la platea.<\/strong><\/p>\n<p>Per pubblicizzare adeguatamente l&#8217;iniziativa abbiamo prodotto volantini, locandine e manifesti da 70&#215;100 cm specifici sul tema della serata e per dare un messaggio ancora pi\u00f9 forte e visibile, nelle affissioni dei manifesti abbiamo affiancato ai manifesti sull&#8217;iniziativa anche quelli di AgireOra &#8220;Gli allevamenti pesano sulla Terra&#8221;. Abbiamo fatto due banchetti informativi per strada, inviato un comunicato stampa ai giornali locali e mandato inviti ad alcune autorit\u00e0 (assessori al Welfare animale, Ambiente, Salute, Politiche educative) e al Sindaco.<\/p>\n<p>Lo scopo della nostra iniziativa \u00e8 sostenere una proposta che abbiamo presentato al Comune di Alessandria lo scorso 1 Ottobre, nella Giornata Vegetariana Mondiale, per promuovere ufficialmente in Alessandria una Giornata settimanale senza carne sul modello della Citt\u00e0 belga di Ghent. Alla serata erano presenti alcune autorit\u00e0 del Comune che hanno trovato interessante la proposta e l&#8217;argomento, sconosciuto ai pi\u00f9. Speriamo che prima o poi si arrivi a qualcosa di concreto.<\/p>\n<p>&nbsp;<\/p>\n<div id='gallery-1' class='gallery galleryid-203 gallery-columns-2 gallery-size-medium'><figure class='gallery-item'>\n\t\t\t<div class='gallery-icon landscape'>\n\t\t\t\t<a href='https:\/\/www.campagneperglianimali.org\/web\/wp-content\/uploads\/2011\/12\/alessandria-2010-7.jpg'><img loading=\"lazy\" decoding=\"async\" width=\"300\" height=\"225\" src=\"https:\/\/www.campagneperglianimali.org\/web\/wp-content\/uploads\/2011\/12\/alessandria-2010-7-300x225.jpg\" class=\"attachment-medium size-medium\" alt=\"\" srcset=\"https:\/\/www.campagneperglianimali.org\/web\/wp-content\/uploads\/2011\/12\/alessandria-2010-7-300x225.jpg 300w, https:\/\/www.campagneperglianimali.org\/web\/wp-content\/uploads\/2011\/12\/alessandria-2010-7-233x175.jpg 233w, https:\/\/www.campagneperglianimali.org\/web\/wp-content\/uploads\/2011\/12\/alessandria-2010-7.jpg 500w\" sizes=\"auto, (max-width: 300px) 100vw, 300px\" \/><\/a>\n\t\t\t<\/div><\/figure><figure class='gallery-item'>\n\t\t\t<div class='gallery-icon landscape'>\n\t\t\t\t<a href='https:\/\/www.campagneperglianimali.org\/web\/wp-content\/uploads\/2011\/12\/alessandria-2010-6.jpg'><img loading=\"lazy\" decoding=\"async\" width=\"300\" height=\"225\" src=\"https:\/\/www.campagneperglianimali.org\/web\/wp-content\/uploads\/2011\/12\/alessandria-2010-6-300x225.jpg\" class=\"attachment-medium size-medium\" alt=\"\" srcset=\"https:\/\/www.campagneperglianimali.org\/web\/wp-content\/uploads\/2011\/12\/alessandria-2010-6-300x225.jpg 300w, https:\/\/www.campagneperglianimali.org\/web\/wp-content\/uploads\/2011\/12\/alessandria-2010-6-233x175.jpg 233w, https:\/\/www.campagneperglianimali.org\/web\/wp-content\/uploads\/2011\/12\/alessandria-2010-6.jpg 500w\" sizes=\"auto, (max-width: 300px) 100vw, 300px\" \/><\/a>\n\t\t\t<\/div><\/figure><figure class='gallery-item'>\n\t\t\t<div class='gallery-icon landscape'>\n\t\t\t\t<a href='https:\/\/www.campagneperglianimali.org\/web\/wp-content\/uploads\/2011\/12\/alessandria-2010-5.jpg'><img loading=\"lazy\" decoding=\"async\" width=\"300\" height=\"225\" src=\"https:\/\/www.campagneperglianimali.org\/web\/wp-content\/uploads\/2011\/12\/alessandria-2010-5-300x225.jpg\" class=\"attachment-medium size-medium\" alt=\"\" srcset=\"https:\/\/www.campagneperglianimali.org\/web\/wp-content\/uploads\/2011\/12\/alessandria-2010-5-300x225.jpg 300w, https:\/\/www.campagneperglianimali.org\/web\/wp-content\/uploads\/2011\/12\/alessandria-2010-5-233x175.jpg 233w, https:\/\/www.campagneperglianimali.org\/web\/wp-content\/uploads\/2011\/12\/alessandria-2010-5.jpg 500w\" sizes=\"auto, (max-width: 300px) 100vw, 300px\" \/><\/a>\n\t\t\t<\/div><\/figure><figure class='gallery-item'>\n\t\t\t<div class='gallery-icon landscape'>\n\t\t\t\t<a href='https:\/\/www.campagneperglianimali.org\/web\/wp-content\/uploads\/2011\/12\/alessandria-2010-4.jpg'><img loading=\"lazy\" decoding=\"async\" width=\"300\" height=\"225\" src=\"https:\/\/www.campagneperglianimali.org\/web\/wp-content\/uploads\/2011\/12\/alessandria-2010-4-300x225.jpg\" class=\"attachment-medium size-medium\" alt=\"\" srcset=\"https:\/\/www.campagneperglianimali.org\/web\/wp-content\/uploads\/2011\/12\/alessandria-2010-4-300x225.jpg 300w, https:\/\/www.campagneperglianimali.org\/web\/wp-content\/uploads\/2011\/12\/alessandria-2010-4-233x175.jpg 233w, https:\/\/www.campagneperglianimali.org\/web\/wp-content\/uploads\/2011\/12\/alessandria-2010-4.jpg 500w\" sizes=\"auto, (max-width: 300px) 100vw, 300px\" \/><\/a>\n\t\t\t<\/div><\/figure><figure class='gallery-item'>\n\t\t\t<div class='gallery-icon landscape'>\n\t\t\t\t<a href='https:\/\/www.campagneperglianimali.org\/web\/wp-content\/uploads\/2011\/12\/alessandria-2010-3.jpg'><img loading=\"lazy\" decoding=\"async\" width=\"300\" height=\"225\" src=\"https:\/\/www.campagneperglianimali.org\/web\/wp-content\/uploads\/2011\/12\/alessandria-2010-3-300x225.jpg\" class=\"attachment-medium size-medium\" alt=\"\" srcset=\"https:\/\/www.campagneperglianimali.org\/web\/wp-content\/uploads\/2011\/12\/alessandria-2010-3-300x225.jpg 300w, https:\/\/www.campagneperglianimali.org\/web\/wp-content\/uploads\/2011\/12\/alessandria-2010-3-233x175.jpg 233w, https:\/\/www.campagneperglianimali.org\/web\/wp-content\/uploads\/2011\/12\/alessandria-2010-3.jpg 500w\" sizes=\"auto, (max-width: 300px) 100vw, 300px\" \/><\/a>\n\t\t\t<\/div><\/figure><figure class='gallery-item'>\n\t\t\t<div class='gallery-icon landscape'>\n\t\t\t\t<a href='https:\/\/www.campagneperglianimali.org\/web\/wp-content\/uploads\/2011\/12\/alessandria-2010-2.jpg'><img loading=\"lazy\" decoding=\"async\" width=\"300\" height=\"225\" src=\"https:\/\/www.campagneperglianimali.org\/web\/wp-content\/uploads\/2011\/12\/alessandria-2010-2-300x225.jpg\" class=\"attachment-medium size-medium\" alt=\"\" srcset=\"https:\/\/www.campagneperglianimali.org\/web\/wp-content\/uploads\/2011\/12\/alessandria-2010-2-300x225.jpg 300w, https:\/\/www.campagneperglianimali.org\/web\/wp-content\/uploads\/2011\/12\/alessandria-2010-2-233x175.jpg 233w, https:\/\/www.campagneperglianimali.org\/web\/wp-content\/uploads\/2011\/12\/alessandria-2010-2.jpg 500w\" sizes=\"auto, (max-width: 300px) 100vw, 300px\" \/><\/a>\n\t\t\t<\/div><\/figure><figure class='gallery-item'>\n\t\t\t<div class='gallery-icon landscape'>\n\t\t\t\t<a href='https:\/\/www.campagneperglianimali.org\/web\/wp-content\/uploads\/2011\/12\/alessandria-2010-1.jpg'><img loading=\"lazy\" decoding=\"async\" width=\"300\" height=\"225\" src=\"https:\/\/www.campagneperglianimali.org\/web\/wp-content\/uploads\/2011\/12\/alessandria-2010-1-300x225.jpg\" class=\"attachment-medium size-medium\" alt=\"\" srcset=\"https:\/\/www.campagneperglianimali.org\/web\/wp-content\/uploads\/2011\/12\/alessandria-2010-1-300x225.jpg 300w, https:\/\/www.campagneperglianimali.org\/web\/wp-content\/uploads\/2011\/12\/alessandria-2010-1-233x175.jpg 233w, https:\/\/www.campagneperglianimali.org\/web\/wp-content\/uploads\/2011\/12\/alessandria-2010-1.jpg 500w\" sizes=\"auto, (max-width: 300px) 100vw, 300px\" \/><\/a>\n\t\t\t<\/div><\/figure>\n\t\t<\/div>\n\n","protected":false},"excerpt":{"rendered":"<p>12 marzo 2010, Alessandria proiezione sul tema &#8220;Meno carne=Meno riscaldamento&#8221; Testimonianza di Massimo di Alessandria: Venerd\u00ec 12 marzo 2010 abbiamo organizzato in Alessandria la proiezione di una parte dell&#8217;audizione tenutasi lo scorso 3 dicembre 2009 presso il Parlamento Europeo, su proposta del Vice Presidente McMillan-Scott, sul tema &#8220;Riscaldamento globale e Sicurezza alimentare: Meno carne =&hellip;<a href=\"https:\/\/www.campagneperglianimali.org\/web\/alessandria-12-marzo-2010\/\" class=\"more-link\">Continua la lettura di <span class=\"screen-reader-text\">&#8220;Ti guardano tutti negli occhi&#8221; ad Alessandria<\/span><\/a><\/p>\n","protected":false},"author":1,"featured_media":204,"comment_status":"open","ping_status":"closed","sticky":false,"template":"","format":"standard","meta":{"fifu_image_url":"","fifu_image_alt":"","iawp_total_views":0,"footnotes":""},"categories":[152,13,6],"tags":[1582,1581,1583,1584,67,301,48],"class_list":["post-203","post","type-post","status-publish","format-standard","has-post-thumbnail","hentry","category-attivismo","category-eventi","category-notizie","tag-alessandria-vegan","tag-meat-the-truth","tag-meno-carne","tag-meno-riscaldamento","tag-pubblicita-antispecista","tag-ti-guardano-tutti-negli-occhi","tag-veganismo"],"views":2290,"_links":{"self":[{"href":"https:\/\/www.campagneperglianimali.org\/web\/wp-json\/wp\/v2\/posts\/203","targetHints":{"allow":["GET"]}}],"collection":[{"href":"https:\/\/www.campagneperglianimali.org\/web\/wp-json\/wp\/v2\/posts"}],"about":[{"href":"https:\/\/www.campagneperglianimali.org\/web\/wp-json\/wp\/v2\/types\/post"}],"author":[{"embeddable":true,"href":"https:\/\/www.campagneperglianimali.org\/web\/wp-json\/wp\/v2\/users\/1"}],"replies":[{"embeddable":true,"href":"https:\/\/www.campagneperglianimali.org\/web\/wp-json\/wp\/v2\/comments?post=203"}],"version-history":[{"count":4,"href":"https:\/\/www.campagneperglianimali.org\/web\/wp-json\/wp\/v2\/posts\/203\/revisions"}],"predecessor-version":[{"id":3787,"href":"https:\/\/www.campagneperglianimali.org\/web\/wp-json\/wp\/v2\/posts\/203\/revisions\/3787"}],"wp:featuredmedia":[{"embeddable":true,"href":"https:\/\/www.campagneperglianimali.org\/web\/wp-json\/wp\/v2\/media\/204"}],"wp:attachment":[{"href":"https:\/\/www.campagneperglianimali.org\/web\/wp-json\/wp\/v2\/media?parent=203"}],"wp:term":[{"taxonomy":"category","embeddable":true,"href":"https:\/\/www.campagneperglianimali.org\/web\/wp-json\/wp\/v2\/categories?post=203"},{"taxonomy":"post_tag","embeddable":true,"href":"https:\/\/www.campagneperglianimali.org\/web\/wp-json\/wp\/v2\/tags?post=203"}],"curies":[{"name":"wp","href":"https:\/\/api.w.org\/{rel}","templated":true}]}}