{"id":2100,"date":"2014-05-22T18:10:57","date_gmt":"2014-05-22T17:10:57","guid":{"rendered":"http:\/\/www.campagneperglianimali.org\/web\/?p=2100"},"modified":"2021-03-03T11:06:40","modified_gmt":"2021-03-03T10:06:40","slug":"la-storia-dei-macachi-prigionieri-nelluniversita-di-modena","status":"publish","type":"post","link":"https:\/\/www.campagneperglianimali.org\/web\/la-storia-dei-macachi-prigionieri-nelluniversita-di-modena\/","title":{"rendered":"La storia dei Macachi prigionieri nell\u2019Universit\u00e0 di Modena"},"content":{"rendered":"<p><em>Fonte\u00a0<a href=\"http:\/\/www.veganzetta.org\/\" target=\"_blank\" rel=\"noopener\">Veganzetta<\/a><\/em><\/p>\n<p>Fin dal 2005 era noto che uno sperimentatore dell\u2019universit\u00e0 di Modena portasse avanti una linea di ricerca sulle Scimmie.<br \/>\nSi tratta di esperimenti molto invasivi che coinvolgono il cervello e si concludono con l\u2019uccisione dell\u2019Animale. Nel 2010, grazie all\u2019Ufficio Diritti Animali del Comune, siamo riusciti a incontrare il vivisettore chiedendogli la chiusura immediata di questo esperimento. In cambio la LAV si sarebbe fatta carico delle Scimmie superstiti (circa diciotto\u00a0<em>Macaca fascicularis<\/em>), mettendole a dimora in un parco faunistico. Da quel giorno \u00e8 cominciata una lunga e difficile trattativa che si \u00e8 conclusa con la cessione di un solo Macaco. Il cucciolo, che ha un vistoso \u201c210\u201d tatuato sul petto, si trova ora in un parco faunistico.<br \/>\n<!--more-->Grazie all\u2019associazione svizzera ATRA che ha offerto le risorse per il suo mantenimento e la sua cura, adesso ha l\u2019opportunit\u00e0 di vivere una vita serena, con una madre adottiva e lontano dai laboratori.<br \/>\nQuesta vicenda ha un altro aspetto positivo poich\u00e9, nell\u2019atto di cedere il Macaco, lo stabulario ci ha firmato un impegno scritto a non sostituire quell\u2019Animale con l\u2019acquisizione di nuovi primati. Come tutti sanno, \u00e8 recentemente entrata in vigore la nuova legge che regola la vivisezione, la quale vieta espressamente l\u2019allevamento di primati da usare negli esperimenti. Questo significa che le universit\u00e0 potranno fare vivisezione sui Macachi, per\u00f2 non potranno allevarli e dovranno quindi acquistarli, magari da altri Paesi fornitori. I vivisettori dell\u2019universit\u00e0 di Modena invece si trovano tra due fuochi: non solo, come succede negli altri atenei, non potranno pi\u00f9 allevare Macachi, ma non potranno nemmeno acquistarne. Proprio a causa dell\u2019accordo che loro stessi hanno incautamente firmato!<br \/>\nPer questo motivo, non appena la nuova legge sulla vivisezione \u00e8 entrata in vigore, abbiamo moltiplicato i nostri sforzi per ottenere un incontro con l\u2019universit\u00e0 di Modena e pervenire ad un accordo volontario. Ma l\u2019assessore all\u2019ambiente del comune di Modena si \u00e8 mostrato troppo preso dalla campagna elettorale per continuate a supportarci. Cos\u00ec abbiamo deciso di parlare dei Macachi di Modena sui media nazionali nella speranza che l\u2019universit\u00e0 si decida a chiudere questa inutile linea di ricerca.<\/p>\n<p><strong>Adesso \u00e8 importante che l\u2019attenzione sullo stabulario di Modena rimanga alta, e che i cittadini si facciano sentire con tutti i mezzi possibili affinch\u00e9 la nostra universit\u00e0 si decida a compiere un gesto di civilt\u00e0 e buon senso.<\/strong>\u00a0<strong>Come tutti gli Animali, i Macachi di Modena meritano di vivere lontano dal bisturi dei vivisettori, e per riuscirci hanno bisogno di noi.<\/strong><\/p>\n<p><em>Yuri Bautta<\/em><\/p>\n","protected":false},"excerpt":{"rendered":"<p>Fonte\u00a0Veganzetta Fin dal 2005 era noto che uno sperimentatore dell\u2019universit\u00e0 di Modena portasse avanti una linea di ricerca sulle Scimmie. Si tratta di esperimenti molto invasivi che coinvolgono il cervello e si concludono con l\u2019uccisione dell\u2019Animale. Nel 2010, grazie all\u2019Ufficio Diritti Animali del Comune, siamo riusciti a incontrare il vivisettore chiedendogli la chiusura immediata di&hellip;<a href=\"https:\/\/www.campagneperglianimali.org\/web\/la-storia-dei-macachi-prigionieri-nelluniversita-di-modena\/\" class=\"more-link\">Continua la lettura di <span class=\"screen-reader-text\">La storia dei Macachi prigionieri nell\u2019Universit\u00e0 di Modena<\/span><\/a><\/p>\n","protected":false},"author":1,"featured_media":3912,"comment_status":"open","ping_status":"closed","sticky":false,"template":"","format":"standard","meta":{"fifu_image_url":"","fifu_image_alt":"","iawp_total_views":0,"footnotes":""},"categories":[152,6],"tags":[859,858,464,860,853,852,857,854,855,98,856,805],"class_list":["post-2100","post","type-post","status-publish","format-standard","has-post-thumbnail","hentry","category-attivismo","category-notizie","tag-atra","tag-comune-di-modena","tag-lav","tag-liberazione-macachi","tag-macaco","tag-macahi","tag-modena","tag-scimmie-vivisezione","tag-universita-di-modena","tag-vivisezione","tag-vivisezione-universita-di-modena","tag-yuri-bautta"],"views":2588,"_links":{"self":[{"href":"https:\/\/www.campagneperglianimali.org\/web\/wp-json\/wp\/v2\/posts\/2100","targetHints":{"allow":["GET"]}}],"collection":[{"href":"https:\/\/www.campagneperglianimali.org\/web\/wp-json\/wp\/v2\/posts"}],"about":[{"href":"https:\/\/www.campagneperglianimali.org\/web\/wp-json\/wp\/v2\/types\/post"}],"author":[{"embeddable":true,"href":"https:\/\/www.campagneperglianimali.org\/web\/wp-json\/wp\/v2\/users\/1"}],"replies":[{"embeddable":true,"href":"https:\/\/www.campagneperglianimali.org\/web\/wp-json\/wp\/v2\/comments?post=2100"}],"version-history":[{"count":5,"href":"https:\/\/www.campagneperglianimali.org\/web\/wp-json\/wp\/v2\/posts\/2100\/revisions"}],"predecessor-version":[{"id":3485,"href":"https:\/\/www.campagneperglianimali.org\/web\/wp-json\/wp\/v2\/posts\/2100\/revisions\/3485"}],"wp:featuredmedia":[{"embeddable":true,"href":"https:\/\/www.campagneperglianimali.org\/web\/wp-json\/wp\/v2\/media\/3912"}],"wp:attachment":[{"href":"https:\/\/www.campagneperglianimali.org\/web\/wp-json\/wp\/v2\/media?parent=2100"}],"wp:term":[{"taxonomy":"category","embeddable":true,"href":"https:\/\/www.campagneperglianimali.org\/web\/wp-json\/wp\/v2\/categories?post=2100"},{"taxonomy":"post_tag","embeddable":true,"href":"https:\/\/www.campagneperglianimali.org\/web\/wp-json\/wp\/v2\/tags?post=2100"}],"curies":[{"name":"wp","href":"https:\/\/api.w.org\/{rel}","templated":true}]}}