{"id":2200,"date":"2014-09-24T09:28:22","date_gmt":"2014-09-24T08:28:22","guid":{"rendered":"http:\/\/www.campagneperglianimali.org\/web\/?p=2200"},"modified":"2021-02-06T20:04:51","modified_gmt":"2021-02-06T19:04:51","slug":"non-ce-futuro-senza-radici","status":"publish","type":"post","link":"https:\/\/www.campagneperglianimali.org\/web\/non-ce-futuro-senza-radici\/","title":{"rendered":"Non c&#8217;\u00e8 futuro senza radici"},"content":{"rendered":"<p><em>Fonte: Vita da Cani Onlus<\/em><\/p>\n<p><strong>NON C&#8217;E&#8217; FUTURO SENZA RADICI<\/strong><\/p>\n<p>L&#8217;amministrazione comunale di Varese, la citt\u00e0 giardino, vuole tagliare 16 cipressi californiani che vivono nei magnifici giardini<span class=\"text_exposed_show\"> estensi. In vista dell&#8217;Expo 2015 tali giardini devono diventare \u201calla francese\u201d e quindi i cipressi californiani stonerebbero. Date le proteste il Comune si \u00e8 successivamente inventato la scusa che questi alberi sono malati e a potenziale pericolo di caduta. Inutile dire che questi cipressi sono sani, robusti e pieni di vita.<br \/>\nMichele Forzinetti, 26 anni, si \u00e8 arrampicato su uno di loro e l\u00ec \u00e8 rimasto per sei giorni, sostenuto da molte persone di ogni et\u00e0 che gli portavano caff\u00e8, viveri, bevande calde la notte e che sono riuscite a raccogliere 15.000 firme di cittadini contrari all&#8217;eliminazione degli alberi.<br \/>\nLo stesso Michele, che al risveglio si trovava affianco ghiri e scoiattoli, ha parlato di una bellissima atmosfera, di una vera e propria agor\u00e0 dove ci si confrontava su molti temi, tra cui il rapporto tra animali umani e il resto degli esseri viventi, veganismo, guerra, dove insomma si faceva politica nel senso pi\u00f9 greco del termine.<\/span><\/p>\n<p><!--more-->Il consiglio comunale che si \u00e8 tenuto gioved\u00ec 18 ha visto un&#8217;ulteriore protesta in cui altre persone sono salite sugli alberi anche se solo per qualche ora.<br \/>\nI molti messaggi lasciati ai piedi dell&#8217;albero dimostrano come le persone stiano acquisendo pi\u00f9 coscienza rispetto alle tante opere e lavori di costruzione e cementificazione che si prospettano in questa provincia cos\u00ec come in tutta Italia, opere che sono lontane dall&#8217;essere utili e che non fanno che diminuire ulteriormente quel che resta di prati e boschi, la casa degli altri animali.<br \/>\nMichele ha avuto il privilegio di essere contattato da Julia Butterfly Hill, attivista statunitense che ha vissuto due anni su una sequoia gigante di 1500 anni nel nord della California, autrice del libro \u201cLa ragazza sull&#8217;albero\u201d. Una mattina un signore che correva nel parco varesino \u00e8 rimasto incredulo nel vedere il ragazzo abbracciato ad un cipresso e successivamente gli ha portato il libro di Julia in regalo.<\/p>\n<div class=\"text_exposed_show\">\n<p>Vito, nella sua modesta forma canina, ha portato la solidariet\u00e0 e la vicinanza di Vitadacani perch\u00e9 non importa quanto un albero possa soffrire o che grado di importanza gli si possa attribuire nella scala gerarchica degli esserei viventi. Un albero ha la sua dignit\u00e0 e bellezza e condivide senza problemi il suo spazio con tutti, offrendo ospitalit\u00e0 a una miriade di animali e anche a persone.<br \/>\nUn albero \u00e8, un albero sta.<\/p>\n<\/div>\n","protected":false},"excerpt":{"rendered":"<p>Fonte: Vita da Cani Onlus NON C&#8217;E&#8217; FUTURO SENZA RADICI L&#8217;amministrazione comunale di Varese, la citt\u00e0 giardino, vuole tagliare 16 cipressi californiani che vivono nei magnifici giardini estensi. In vista dell&#8217;Expo 2015 tali giardini devono diventare \u201calla francese\u201d e quindi i cipressi californiani stonerebbero. Date le proteste il Comune si \u00e8 successivamente inventato la scusa&hellip;<a href=\"https:\/\/www.campagneperglianimali.org\/web\/non-ce-futuro-senza-radici\/\" class=\"more-link\">Continua la lettura di <span class=\"screen-reader-text\">Non c&#8217;\u00e8 futuro senza radici<\/span><\/a><\/p>\n","protected":false},"author":1,"featured_media":3912,"comment_status":"open","ping_status":"closed","sticky":false,"template":"","format":"standard","meta":{"fifu_image_url":"","fifu_image_alt":"","iawp_total_views":0,"footnotes":""},"categories":[152,6],"tags":[1033,1034,1035,1036,1037,1038,1039,1040,1041,1042],"class_list":["post-2200","post","type-post","status-publish","format-standard","has-post-thumbnail","hentry","category-attivismo","category-notizie","tag-abbracciare-alberi","tag-alberi","tag-arrampicarsi-alberi","tag-futuro","tag-julia-butterfly-hill","tag-michele-forzinetti","tag-milano-expo-2015","tag-radici","tag-varese","tag-vita-da-cani-onlus"],"views":2295,"_links":{"self":[{"href":"https:\/\/www.campagneperglianimali.org\/web\/wp-json\/wp\/v2\/posts\/2200","targetHints":{"allow":["GET"]}}],"collection":[{"href":"https:\/\/www.campagneperglianimali.org\/web\/wp-json\/wp\/v2\/posts"}],"about":[{"href":"https:\/\/www.campagneperglianimali.org\/web\/wp-json\/wp\/v2\/types\/post"}],"author":[{"embeddable":true,"href":"https:\/\/www.campagneperglianimali.org\/web\/wp-json\/wp\/v2\/users\/1"}],"replies":[{"embeddable":true,"href":"https:\/\/www.campagneperglianimali.org\/web\/wp-json\/wp\/v2\/comments?post=2200"}],"version-history":[{"count":2,"href":"https:\/\/www.campagneperglianimali.org\/web\/wp-json\/wp\/v2\/posts\/2200\/revisions"}],"predecessor-version":[{"id":3238,"href":"https:\/\/www.campagneperglianimali.org\/web\/wp-json\/wp\/v2\/posts\/2200\/revisions\/3238"}],"wp:featuredmedia":[{"embeddable":true,"href":"https:\/\/www.campagneperglianimali.org\/web\/wp-json\/wp\/v2\/media\/3912"}],"wp:attachment":[{"href":"https:\/\/www.campagneperglianimali.org\/web\/wp-json\/wp\/v2\/media?parent=2200"}],"wp:term":[{"taxonomy":"category","embeddable":true,"href":"https:\/\/www.campagneperglianimali.org\/web\/wp-json\/wp\/v2\/categories?post=2200"},{"taxonomy":"post_tag","embeddable":true,"href":"https:\/\/www.campagneperglianimali.org\/web\/wp-json\/wp\/v2\/tags?post=2200"}],"curies":[{"name":"wp","href":"https:\/\/api.w.org\/{rel}","templated":true}]}}