{"id":2266,"date":"2015-01-08T21:37:32","date_gmt":"2015-01-08T20:37:32","guid":{"rendered":"http:\/\/www.campagneperglianimali.org\/web\/?p=2266"},"modified":"2021-02-07T19:10:41","modified_gmt":"2021-02-07T18:10:41","slug":"il-vegano-consumatore-il-nuovo-nemico-del-vegano-etico","status":"publish","type":"post","link":"https:\/\/www.campagneperglianimali.org\/web\/il-vegano-consumatore-il-nuovo-nemico-del-vegano-etico\/","title":{"rendered":"Il vegano consumatore, il nuovo nemico del vegano etico"},"content":{"rendered":"<p><em>Fonte <a href=\"http:\/\/www.laboratorioantispecista.org\/il-vegano-consumatore-il-nuovo-nemico-del-vegano-etico\/\" target=\"_blank\" rel=\"noopener\">Laboratorio antispecista<\/a><\/em><\/p>\n<p>Scegliamo il periodo natalizio per affrontare un tema a noi caro e che pensiamo sia di massimo interesse ovvero quello della diffusione capillare del veganismo a partire da premesse non strettamente etico politiche.<\/p>\n<p><strong>Etico politiche.<\/strong><\/p>\n<p>Esattamente.<\/p>\n<p>Proprio da queste due parole crediamo sia necessario partire per ribadire quelle sono le premesse, gli ambiti di sviluppo e gli obiettivi del veganismo o meglio, quelli che dovrebbero essere viste le derive odierne.<\/p>\n<p>Ma andiamo con ordine.<!--more--><\/p>\n<p>\u201c<i>Il popolo dei\u00a0<b>vegetariani<\/b>\u00a0e soprattutto dei\u00a0<b>vegani <\/b>aumenta e lo fa a vista d\u2019occhio: non c\u2019\u00e8 quasi ormai pi\u00f9 un ristorante che non proponga un men\u00f9\u00a0ad hoc\u00a0e pressocch\u00e9 tutti i\u00a0programmi tv dedicati alla cucina offrono consigli per preparare piatti a\u00a0<b>base vegetale<\/b>. \u201c, <\/i>parola di Panorama.<\/p>\n<p>\u201c<i>Il\u00a0<\/i><strong><i>marketing animalista<\/i><\/strong><i>\u00a0<\/i><i>ha pensato a innumerevoli surrogati di tutti gli alimenti di origine animale. E cos\u00ec, sui banchi vegan troviamo \u201caffettato, salame, wurstel, pancetta, porchetta, macinato per ripieni e ragu\u2019, filetto, arrosto, maionese, latte\u201d, tutti rigorosamente vegetali.\u201d, l<\/i>eggiamo su un altro noto quotidiano on line.<\/p>\n<p>E cos\u00ec potremmo andare avanti per ore tra link di sedicenti <em>VeganCoach<\/em> ovvero \u201cprofessionisti\u201d che guidano gli apprendisti vegani nel loro percorso, farmacie vegan\u00a0e menu appositi inseriti fra quelli onnivorissimi di ristoranti che per puro business hanno deciso di strizzare l\u2019occhio a chi preferisce il seitan alla costoletta.<\/p>\n<p><strong>Evviva!<\/strong><\/p>\n<p>Diranno molti di voi pensando che questa diffusione numerica corrisponda a una maggiore diffusione dei contenuti profondi legati al veganismo.<\/p>\n<p>Noi la pensiamo diversamente.<\/p>\n<p>Sar\u00e0 perch\u00e8 ci muoviamo da anni in questo ambito, sar\u00e0 perch\u00e8 vegani lo siamo da quasi 20 anni per ragioni etico politiche appunto, ma questo \u00e8 per noi un momento tutt\u2019altro che semplice.<\/p>\n<p>Continuiamo fra ostacoli dei pi\u00f9 vari a cercare con iniziative di contenuto e con ogni mezzo di comunicazione possibile compreso il presente articolo a ribadire quelle che sono le <strong>ragioni etiche di una posizione di rottura con l\u2019attuale sistema capitalista che si manifesta anche con il nostro approccio verso i consumi e quindi si concretizza nel non consumo di prodotti derivati dalla sofferenza e dallo sfruttamento degli animali e ci scontriamo ogni giorno con le pi\u00f9 svariate posizioni,<\/strong> sicuramente non etiche, derivanti invece da un approccio assolutamente individuale, salutista, a tratti egoista e che nulla ha a che fare con il resto del mondo al di l\u00e0 del proprio ambito personale.<\/p>\n<p>E\u2019 un periodo duro, fatto di studi di settore pienamente volti a rafforzare l\u2019ormai avviatissimo ambito del marketing dedicato ai consumatori vegani e fatto di domande, quelle che ci vengono continuamente rivolte quando abbiamo a che fare con chi segue le nostre iniziative, prevalentemente orientate alla salute, al miglioramento del proprio benessere e che mirano all\u2019ottenimento di consigli, ricette, trucchi e indicazioni.<\/p>\n<p>Nulla che abbia a che fare con l\u2019etica, con la critica di questo attuale sistema economico e sociale, che leghi il veganismo a un movimento di lotta, critica e opposizione a tutto questo e che lo riduce invece a una scelta fra uno scaffale e l\u2019altro di questo grande supermercato che \u00e8 il pianeta terra, visto in questa chiave.<\/p>\n<p><strong>Che fare?<\/strong><\/p>\n<p>Ce lo chiediamo ogni giorno. Insistiamo continuamente con le nostre iniziative, con i nostri scritti, con la nostra voce e continuiamo a cercare di fare in modo che tutto quello in cui crediamo venga fuori, oggi come era un tempo, in modo chiaro e facilmente individuabile.<\/p>\n<p>Rimpiangiamo epoche che sembrano ormai lontane anni luce?<\/p>\n<p>Epoche in cui quando affermavi di essere vegan non correvi il rischio che ti si chiedesse immediatamente se mangi la farina bianca?<\/p>\n<p>Forse si. Forse un po\u2019 si.<\/p>\n<p>Perch\u00e8 effettivamente fino a qualche tempo fa nessuno avrebbe avuto dubbi, come invece \u00e8 oggi, che la nostra posizione in quanto vegani fosse una posizione di rottura, di rivolta, <strong>una posizione nettamente contraria alle basi stesse dell\u2019attuale sistema di sfruttamento degli animali, degli uomini e delle risorse della terra.<\/strong><\/p>\n<p>Ci interroghiamo per questo continuamente e cerchiamo soluzioni comunicative consone alla diffusione di questi contenuti ma, oggi, lottiamo contro dei giganti che la comunicazione la studiano e la tagliano sul presunto \u201c<em><strong>consumatore vegano\u201d<\/strong><\/em>, abbiamo a che fare non pi\u00f9 con un nemico, volendo semplificare \u201connivoro\u201d , ma anche con un altro \u2013 che non stentiamo a definire egualmente nemico \u2013<strong> vegano tanto quanto noi ma che ignora totalmente le nostre mozioni e rema in una direzione ostinatamente contraria alla nostra: il vegano consumista, appunto.<\/strong><\/p>\n<p>Quello a cui interessa solo di trovare tofu o seitan dovunque vada, anche nella peggiore delle catene di fast food e non si interroga affatto sul fatto che quel marchio sia pessimo, da mille altri punti di vista e lo rimarr\u00e0 nonostante venda prodotti vegan.<\/p>\n<p>Il fronte di lotta si \u00e8 allargato ed \u00e8 oggi che le nostre forze, nostre dei vegani etici intendiamo, devono essere maggiori e spese in una direzione precisa.<\/p>\n<p><strong>In un momento in cui dirci vegani comporta in noi qualche difficolt\u00e0, in un momento in cui sappiamo che dovremo affrontare interviste e domande mirate a classificarci, inglobarci e comprarci a partire dal fatto che facciamo gola a un sistema economico che tutto fagocita e tutto sfrutta, dobbiamo insistere e continuamente ribadire che la nostra posizione non \u00e8 una posa, una moda, un\u2019opzione o uno \u201cstile di vita\u201d ma \u00e8 parte di una riflessione etica e politica \u2013 per quanto questa parola oggi faccia pi\u00f9 paura che mai \u2013 di rottura e ribellione costante a un sistema che reprime, sfrutta e uccide animali, uomini e risorse.<\/strong><\/p>\n<p>Parlare di autoproduzione, diffondere contenuti, tornare \u201cbrutti e cattivi\u201d come un tempo \u2013 chiaramente \u00e8 un paradosso \u2013 un tempo in cui per\u00f2 in quanto tali eravamo riconosciuti immediatamente come latori di contenuti \u201cpericolosi\u201d, rivoluzionari e insurrezionali.<\/p>\n<p>Ci siamo interrogati pi\u00f9 volte sul motivo per cui questi contenuti siano stati fagocitati dal resto, da un\u2019immagine verdina e bucolica fatta di campi biologici e vacche allegre, e l\u2019abbiamo fatto con spirito decisamente autocritico chiedendoci se anche noi non avessimo contribuito a decostruire i contenuti rivoluzionari del veganismo magari mirando a una sua pi\u00f9 larga diffusione.<\/p>\n<p>Pu\u00f2 darsi.<\/p>\n<p>Pu\u00f2 darsi anche che il sistema ci abbia fagocitati proprio perch\u00e8 \u201cpericolosi\u201d, perch\u00e8 un\u2019idea tanto ampia di liberazione lo avrebbe distrutto e allora tanto valeva impegnarsi a fermarla il prima possibile con il classico schema da sistema immunitario.<\/p>\n<p>Fatto sta che oggi dobbiamo reagire.<\/p>\n<p>A partire dal linguaggio, sicuramente, tornando come dicevamo a parlare di Liberazione, quella con la L maiuscola, continuando caparbiamente a parlare con chi oggi forse in numero maggiore pu\u00f2 ascoltare e facendogli suonare nelle orecchie concetti pieni, senza paura di sconvolgere e piuttosto \u2013 forse- con l\u2019obiettivo di farlo.<\/p>\n<p>E\u2019 possibile, lo crediamo ancora, e sappiamo che sono in tanti a pensarla come noi, a credere che ancora oggi sia possibile parlare di Liberazione animale, umana e della terra.<\/p>\n","protected":false},"excerpt":{"rendered":"<p>Fonte Laboratorio antispecista Scegliamo il periodo natalizio per affrontare un tema a noi caro e che pensiamo sia di massimo interesse ovvero quello della diffusione capillare del veganismo a partire da premesse non strettamente etico politiche. Etico politiche. Esattamente. Proprio da queste due parole crediamo sia necessario partire per ribadire quelle sono le premesse, gli&hellip;<a href=\"https:\/\/www.campagneperglianimali.org\/web\/il-vegano-consumatore-il-nuovo-nemico-del-vegano-etico\/\" class=\"more-link\">Continua la lettura di <span class=\"screen-reader-text\">Il vegano consumatore, il nuovo nemico del vegano etico<\/span><\/a><\/p>\n","protected":false},"author":1,"featured_media":3912,"comment_status":"open","ping_status":"closed","sticky":false,"template":"","format":"standard","meta":{"fifu_image_url":"","fifu_image_alt":"","iawp_total_views":4,"footnotes":""},"categories":[152,6],"tags":[1117,1112,1114,627,1116,137,1113,1115,523,48,1111,450],"class_list":["post-2266","post","type-post","status-publish","format-standard","has-post-thumbnail","hentry","category-attivismo","category-notizie","tag-consumatore-vegano","tag-consumismo","tag-etica-vegana","tag-laboratorio-antispecista","tag-marketing-animalista","tag-vegan","tag-vegan-consumisti","tag-vegancoach","tag-vegani","tag-veganismo","tag-veganismo-e-consumismo","tag-veganismo-etico"],"views":3377,"_links":{"self":[{"href":"https:\/\/www.campagneperglianimali.org\/web\/wp-json\/wp\/v2\/posts\/2266","targetHints":{"allow":["GET"]}}],"collection":[{"href":"https:\/\/www.campagneperglianimali.org\/web\/wp-json\/wp\/v2\/posts"}],"about":[{"href":"https:\/\/www.campagneperglianimali.org\/web\/wp-json\/wp\/v2\/types\/post"}],"author":[{"embeddable":true,"href":"https:\/\/www.campagneperglianimali.org\/web\/wp-json\/wp\/v2\/users\/1"}],"replies":[{"embeddable":true,"href":"https:\/\/www.campagneperglianimali.org\/web\/wp-json\/wp\/v2\/comments?post=2266"}],"version-history":[{"count":3,"href":"https:\/\/www.campagneperglianimali.org\/web\/wp-json\/wp\/v2\/posts\/2266\/revisions"}],"predecessor-version":[{"id":3359,"href":"https:\/\/www.campagneperglianimali.org\/web\/wp-json\/wp\/v2\/posts\/2266\/revisions\/3359"}],"wp:featuredmedia":[{"embeddable":true,"href":"https:\/\/www.campagneperglianimali.org\/web\/wp-json\/wp\/v2\/media\/3912"}],"wp:attachment":[{"href":"https:\/\/www.campagneperglianimali.org\/web\/wp-json\/wp\/v2\/media?parent=2266"}],"wp:term":[{"taxonomy":"category","embeddable":true,"href":"https:\/\/www.campagneperglianimali.org\/web\/wp-json\/wp\/v2\/categories?post=2266"},{"taxonomy":"post_tag","embeddable":true,"href":"https:\/\/www.campagneperglianimali.org\/web\/wp-json\/wp\/v2\/tags?post=2266"}],"curies":[{"name":"wp","href":"https:\/\/api.w.org\/{rel}","templated":true}]}}