{"id":2381,"date":"2015-11-01T10:55:55","date_gmt":"2015-11-01T09:55:55","guid":{"rendered":"http:\/\/www.campagneperglianimali.org\/web\/?p=2381"},"modified":"2021-05-31T09:34:35","modified_gmt":"2021-05-31T08:34:35","slug":"1-novembre-2015-giornata-mondiale-del-veganismo","status":"publish","type":"post","link":"https:\/\/www.campagneperglianimali.org\/web\/1-novembre-2015-giornata-mondiale-del-veganismo\/","title":{"rendered":"1\u00b0 novembre 2015: Giornata mondiale del veganismo"},"content":{"rendered":"<p>Come ogni anno il 1\u00b0 novembre si festeggia il <strong>World Vegan Day<\/strong> istituito nel 1994 da Louise Wallis \u2013 Presidente della The Vegan Society \u2013 per commemorare la nascita dell\u2019associazione creata\u00a0da Donald Watson (fondatore del veganismo moderno) nel 1944.<br \/>\nDurante la giornata numerose associazioni, gruppi e singole persone umane organizzano eventi, manifestazioni e banchetti informativi sull\u2019argomento.<br \/>\n<span id=\"more-8149\"><\/span><br \/>\nOggi potrebbe essere una buona occasione per fare informazione per esempio su cosa NON \u00e8 il veganismo: <strong>non \u00e8 una moda, non \u00e8 una tendenza, non \u00e8 una dieta, non \u00e8 una pratica salutistica, non \u00e8 uno stile di vita, non \u00e8 un tipo di cucina, non \u00e8 consumismo, non \u00e8 consenso e adesione al sistema, non \u00e8 un diritto, non \u00e8 una mera scelta individuale, non \u00e8 una forma di violenza n\u00e9 di dominio ma l\u2019esatto contrario<\/strong>.<\/p>\n<p>Auguriamo\u00a0a tutte\/i una buona giornata di attivismo.<\/p>\n","protected":false},"excerpt":{"rendered":"<p>Come ogni anno il 1\u00b0 novembre si festeggia il World Vegan Day istituito nel 1994 da Louise Wallis \u2013 Presidente della The Vegan Society \u2013 per commemorare la nascita dell\u2019associazione creata\u00a0da Donald Watson (fondatore del veganismo moderno) nel 1944. Durante la giornata numerose associazioni, gruppi e singole persone umane organizzano eventi, manifestazioni e banchetti informativi&hellip;<a href=\"https:\/\/www.campagneperglianimali.org\/web\/1-novembre-2015-giornata-mondiale-del-veganismo\/\" class=\"more-link\">Continua la lettura di <span class=\"screen-reader-text\">1\u00b0 novembre 2015: Giornata mondiale del veganismo<\/span><\/a><\/p>\n","protected":false},"author":1,"featured_media":3914,"comment_status":"open","ping_status":"closed","sticky":false,"template":"","format":"standard","meta":{"fifu_image_url":"","fifu_image_alt":"","iawp_total_views":0,"footnotes":""},"categories":[8,6],"tags":[1024,1221,637,137,523,48,638],"class_list":["post-2381","post","type-post","status-publish","format-standard","has-post-thumbnail","hentry","category-appuntamenti","category-notizie","tag-donald-watson","tag-festa-dei-vegani","tag-giornata-mondiale-del-veganismo","tag-vegan","tag-vegani","tag-veganismo","tag-world-vegan-day"],"views":3102,"_links":{"self":[{"href":"https:\/\/www.campagneperglianimali.org\/web\/wp-json\/wp\/v2\/posts\/2381","targetHints":{"allow":["GET"]}}],"collection":[{"href":"https:\/\/www.campagneperglianimali.org\/web\/wp-json\/wp\/v2\/posts"}],"about":[{"href":"https:\/\/www.campagneperglianimali.org\/web\/wp-json\/wp\/v2\/types\/post"}],"author":[{"embeddable":true,"href":"https:\/\/www.campagneperglianimali.org\/web\/wp-json\/wp\/v2\/users\/1"}],"replies":[{"embeddable":true,"href":"https:\/\/www.campagneperglianimali.org\/web\/wp-json\/wp\/v2\/comments?post=2381"}],"version-history":[{"count":3,"href":"https:\/\/www.campagneperglianimali.org\/web\/wp-json\/wp\/v2\/posts\/2381\/revisions"}],"predecessor-version":[{"id":3932,"href":"https:\/\/www.campagneperglianimali.org\/web\/wp-json\/wp\/v2\/posts\/2381\/revisions\/3932"}],"wp:featuredmedia":[{"embeddable":true,"href":"https:\/\/www.campagneperglianimali.org\/web\/wp-json\/wp\/v2\/media\/3914"}],"wp:attachment":[{"href":"https:\/\/www.campagneperglianimali.org\/web\/wp-json\/wp\/v2\/media?parent=2381"}],"wp:term":[{"taxonomy":"category","embeddable":true,"href":"https:\/\/www.campagneperglianimali.org\/web\/wp-json\/wp\/v2\/categories?post=2381"},{"taxonomy":"post_tag","embeddable":true,"href":"https:\/\/www.campagneperglianimali.org\/web\/wp-json\/wp\/v2\/tags?post=2381"}],"curies":[{"name":"wp","href":"https:\/\/api.w.org\/{rel}","templated":true}]}}