{"id":2614,"date":"2016-12-28T17:48:49","date_gmt":"2016-12-28T16:48:49","guid":{"rendered":"http:\/\/www.campagneperglianimali.org\/web\/?p=2614"},"modified":"2016-12-28T17:51:37","modified_gmt":"2016-12-28T16:51:37","slug":"il-flashmob-a-firenze-le-foto","status":"publish","type":"post","link":"https:\/\/www.campagneperglianimali.org\/web\/il-flashmob-a-firenze-le-foto\/","title":{"rendered":"Il Flashmob a Firenze: le foto"},"content":{"rendered":"<p><a href=\"http:\/\/www.campagneperglianimali.org\/web\/wp-content\/uploads\/2016\/12\/flashmob-firenze1.jpg\"><img loading=\"lazy\" decoding=\"async\" class=\"alignnone wp-image-2622\" src=\"http:\/\/www.campagneperglianimali.org\/web\/wp-content\/uploads\/2016\/12\/flashmob-firenze1.jpg\" width=\"630\" height=\"473\" srcset=\"https:\/\/www.campagneperglianimali.org\/web\/wp-content\/uploads\/2016\/12\/flashmob-firenze1.jpg 960w, https:\/\/www.campagneperglianimali.org\/web\/wp-content\/uploads\/2016\/12\/flashmob-firenze1-300x225.jpg 300w, https:\/\/www.campagneperglianimali.org\/web\/wp-content\/uploads\/2016\/12\/flashmob-firenze1-500x375.jpg 500w, https:\/\/www.campagneperglianimali.org\/web\/wp-content\/uploads\/2016\/12\/flashmob-firenze1-768x576.jpg 768w, https:\/\/www.campagneperglianimali.org\/web\/wp-content\/uploads\/2016\/12\/flashmob-firenze1-233x175.jpg 233w, https:\/\/www.campagneperglianimali.org\/web\/wp-content\/uploads\/2016\/12\/flashmob-firenze1-560x420.jpg 560w\" sizes=\"auto, (max-width: 630px) 100vw, 630px\" \/><\/a><\/p>\n<p>Il <a href=\"http:\/\/www.campagneperglianimali.org\/web\/immedesimiamoci-flashmob-a-firenze\/\">flashmob organizzato da Progetto Vivere Vegan<\/a> il 10 dicembre 2016 in occasione della Giornata per i Diritti degli Animali \u00e8 perfettamente riuscito.<br \/>\nL&#8217;interesse suscitato nel pubblico e nei media \u00e8 stato considerevole.<br \/>\nSiamo felici di constatare che dopo tutti questi anni, le pubblicit\u00e0 antispeciste di Ca possano ancora tornare utili ed essere utilizzate per eventi pubblici.<br \/>\nRingraziando ancora le attiviste e gli attivisti coinvolti e <a href=\"http:\/\/www.viverevegan.org\" target=\"_blank\">Progetto Vivere Vegan<\/a>, vi proponiamo una galleria fotografica del flashmob e dei link ad alcuni articoli pubblicati sulla stampa.<\/p>\n<p><strong>Media:<\/strong><br \/>\n<a href=\"http:\/\/firenze.repubblica.it\/cronaca\/2016\/12\/10\/foto\/firenze_chi_mangi_oggi_il_flash_mob_degli_animalisti_in_piazza_della_repubblica-153850901\/\" target=\"_blank\">La Repubblica &#8211; Firenze<\/a><br \/>\n<a href=\"http:\/\/www.quotidiano.net\/animali\/animali-flash-firenze-1.2743880\" target=\"_blank\">Quotidiano.net<\/a><\/p>\n<div id='gallery-1' class='gallery galleryid-2614 gallery-columns-3 gallery-size-medium'><figure class='gallery-item'>\n\t\t\t<div class='gallery-icon landscape'>\n\t\t\t\t<a href='https:\/\/www.campagneperglianimali.org\/web\/wp-content\/uploads\/2016\/12\/flashmob-firenze1.jpg'><img loading=\"lazy\" decoding=\"async\" width=\"300\" height=\"225\" src=\"https:\/\/www.campagneperglianimali.org\/web\/wp-content\/uploads\/2016\/12\/flashmob-firenze1-500x375.jpg\" class=\"attachment-medium size-medium\" alt=\"\" srcset=\"https:\/\/www.campagneperglianimali.org\/web\/wp-content\/uploads\/2016\/12\/flashmob-firenze1-500x375.jpg 500w, https:\/\/www.campagneperglianimali.org\/web\/wp-content\/uploads\/2016\/12\/flashmob-firenze1-300x225.jpg 300w, https:\/\/www.campagneperglianimali.org\/web\/wp-content\/uploads\/2016\/12\/flashmob-firenze1-768x576.jpg 768w, https:\/\/www.campagneperglianimali.org\/web\/wp-content\/uploads\/2016\/12\/flashmob-firenze1-233x175.jpg 233w, https:\/\/www.campagneperglianimali.org\/web\/wp-content\/uploads\/2016\/12\/flashmob-firenze1-560x420.jpg 560w, https:\/\/www.campagneperglianimali.org\/web\/wp-content\/uploads\/2016\/12\/flashmob-firenze1.jpg 960w\" sizes=\"auto, (max-width: 300px) 100vw, 300px\" \/><\/a>\n\t\t\t<\/div><\/figure><figure class='gallery-item'>\n\t\t\t<div class='gallery-icon landscape'>\n\t\t\t\t<a href='https:\/\/www.campagneperglianimali.org\/web\/wp-content\/uploads\/2016\/12\/flashmob-firenze2.jpg'><img loading=\"lazy\" decoding=\"async\" width=\"300\" height=\"143\" src=\"https:\/\/www.campagneperglianimali.org\/web\/wp-content\/uploads\/2016\/12\/flashmob-firenze2-500x239.jpg\" class=\"attachment-medium size-medium\" alt=\"\" srcset=\"https:\/\/www.campagneperglianimali.org\/web\/wp-content\/uploads\/2016\/12\/flashmob-firenze2-500x239.jpg 500w, https:\/\/www.campagneperglianimali.org\/web\/wp-content\/uploads\/2016\/12\/flashmob-firenze2-300x144.jpg 300w, https:\/\/www.campagneperglianimali.org\/web\/wp-content\/uploads\/2016\/12\/flashmob-firenze2-768x368.jpg 768w, https:\/\/www.campagneperglianimali.org\/web\/wp-content\/uploads\/2016\/12\/flashmob-firenze2-1024x490.jpg 1024w, https:\/\/www.campagneperglianimali.org\/web\/wp-content\/uploads\/2016\/12\/flashmob-firenze2-366x175.jpg 366w, https:\/\/www.campagneperglianimali.org\/web\/wp-content\/uploads\/2016\/12\/flashmob-firenze2-560x268.jpg 560w, https:\/\/www.campagneperglianimali.org\/web\/wp-content\/uploads\/2016\/12\/flashmob-firenze2.jpg 1078w\" sizes=\"auto, (max-width: 300px) 100vw, 300px\" \/><\/a>\n\t\t\t<\/div><\/figure><figure class='gallery-item'>\n\t\t\t<div class='gallery-icon landscape'>\n\t\t\t\t<a href='https:\/\/www.campagneperglianimali.org\/web\/wp-content\/uploads\/2016\/12\/flashmob-firenze3.jpg'><img loading=\"lazy\" decoding=\"async\" width=\"300\" height=\"200\" src=\"https:\/\/www.campagneperglianimali.org\/web\/wp-content\/uploads\/2016\/12\/flashmob-firenze3-500x334.jpg\" class=\"attachment-medium size-medium\" alt=\"\" srcset=\"https:\/\/www.campagneperglianimali.org\/web\/wp-content\/uploads\/2016\/12\/flashmob-firenze3-500x334.jpg 500w, https:\/\/www.campagneperglianimali.org\/web\/wp-content\/uploads\/2016\/12\/flashmob-firenze3-300x200.jpg 300w, https:\/\/www.campagneperglianimali.org\/web\/wp-content\/uploads\/2016\/12\/flashmob-firenze3-768x513.jpg 768w, https:\/\/www.campagneperglianimali.org\/web\/wp-content\/uploads\/2016\/12\/flashmob-firenze3-1024x684.jpg 1024w, https:\/\/www.campagneperglianimali.org\/web\/wp-content\/uploads\/2016\/12\/flashmob-firenze3-262x175.jpg 262w, https:\/\/www.campagneperglianimali.org\/web\/wp-content\/uploads\/2016\/12\/flashmob-firenze3-560x374.jpg 560w, https:\/\/www.campagneperglianimali.org\/web\/wp-content\/uploads\/2016\/12\/flashmob-firenze3.jpg 2048w\" sizes=\"auto, (max-width: 300px) 100vw, 300px\" \/><\/a>\n\t\t\t<\/div><\/figure><figure class='gallery-item'>\n\t\t\t<div class='gallery-icon landscape'>\n\t\t\t\t<a href='https:\/\/www.campagneperglianimali.org\/web\/wp-content\/uploads\/2016\/12\/flashmob-firenze4.jpg'><img loading=\"lazy\" decoding=\"async\" width=\"300\" height=\"200\" src=\"https:\/\/www.campagneperglianimali.org\/web\/wp-content\/uploads\/2016\/12\/flashmob-firenze4-500x334.jpg\" class=\"attachment-medium size-medium\" alt=\"\" srcset=\"https:\/\/www.campagneperglianimali.org\/web\/wp-content\/uploads\/2016\/12\/flashmob-firenze4-500x334.jpg 500w, https:\/\/www.campagneperglianimali.org\/web\/wp-content\/uploads\/2016\/12\/flashmob-firenze4-300x200.jpg 300w, https:\/\/www.campagneperglianimali.org\/web\/wp-content\/uploads\/2016\/12\/flashmob-firenze4-768x513.jpg 768w, https:\/\/www.campagneperglianimali.org\/web\/wp-content\/uploads\/2016\/12\/flashmob-firenze4-1024x684.jpg 1024w, https:\/\/www.campagneperglianimali.org\/web\/wp-content\/uploads\/2016\/12\/flashmob-firenze4-262x175.jpg 262w, https:\/\/www.campagneperglianimali.org\/web\/wp-content\/uploads\/2016\/12\/flashmob-firenze4-560x374.jpg 560w, https:\/\/www.campagneperglianimali.org\/web\/wp-content\/uploads\/2016\/12\/flashmob-firenze4.jpg 2048w\" sizes=\"auto, (max-width: 300px) 100vw, 300px\" \/><\/a>\n\t\t\t<\/div><\/figure><figure class='gallery-item'>\n\t\t\t<div class='gallery-icon landscape'>\n\t\t\t\t<a href='https:\/\/www.campagneperglianimali.org\/web\/wp-content\/uploads\/2016\/12\/flashmob-firenze5.jpg'><img loading=\"lazy\" decoding=\"async\" width=\"300\" height=\"200\" src=\"https:\/\/www.campagneperglianimali.org\/web\/wp-content\/uploads\/2016\/12\/flashmob-firenze5-500x334.jpg\" class=\"attachment-medium size-medium\" alt=\"\" srcset=\"https:\/\/www.campagneperglianimali.org\/web\/wp-content\/uploads\/2016\/12\/flashmob-firenze5-500x334.jpg 500w, https:\/\/www.campagneperglianimali.org\/web\/wp-content\/uploads\/2016\/12\/flashmob-firenze5-300x200.jpg 300w, https:\/\/www.campagneperglianimali.org\/web\/wp-content\/uploads\/2016\/12\/flashmob-firenze5-768x513.jpg 768w, https:\/\/www.campagneperglianimali.org\/web\/wp-content\/uploads\/2016\/12\/flashmob-firenze5-1024x684.jpg 1024w, https:\/\/www.campagneperglianimali.org\/web\/wp-content\/uploads\/2016\/12\/flashmob-firenze5-262x175.jpg 262w, https:\/\/www.campagneperglianimali.org\/web\/wp-content\/uploads\/2016\/12\/flashmob-firenze5-560x374.jpg 560w, https:\/\/www.campagneperglianimali.org\/web\/wp-content\/uploads\/2016\/12\/flashmob-firenze5.jpg 2048w\" sizes=\"auto, (max-width: 300px) 100vw, 300px\" \/><\/a>\n\t\t\t<\/div><\/figure><figure class='gallery-item'>\n\t\t\t<div class='gallery-icon landscape'>\n\t\t\t\t<a href='https:\/\/www.campagneperglianimali.org\/web\/wp-content\/uploads\/2016\/12\/flashmob-firenze6.jpg'><img loading=\"lazy\" decoding=\"async\" width=\"300\" height=\"200\" src=\"https:\/\/www.campagneperglianimali.org\/web\/wp-content\/uploads\/2016\/12\/flashmob-firenze6-500x334.jpg\" class=\"attachment-medium size-medium\" alt=\"\" srcset=\"https:\/\/www.campagneperglianimali.org\/web\/wp-content\/uploads\/2016\/12\/flashmob-firenze6-500x334.jpg 500w, https:\/\/www.campagneperglianimali.org\/web\/wp-content\/uploads\/2016\/12\/flashmob-firenze6-300x200.jpg 300w, https:\/\/www.campagneperglianimali.org\/web\/wp-content\/uploads\/2016\/12\/flashmob-firenze6-768x513.jpg 768w, https:\/\/www.campagneperglianimali.org\/web\/wp-content\/uploads\/2016\/12\/flashmob-firenze6-1024x684.jpg 1024w, https:\/\/www.campagneperglianimali.org\/web\/wp-content\/uploads\/2016\/12\/flashmob-firenze6-262x175.jpg 262w, https:\/\/www.campagneperglianimali.org\/web\/wp-content\/uploads\/2016\/12\/flashmob-firenze6-560x374.jpg 560w, https:\/\/www.campagneperglianimali.org\/web\/wp-content\/uploads\/2016\/12\/flashmob-firenze6.jpg 2048w\" sizes=\"auto, (max-width: 300px) 100vw, 300px\" \/><\/a>\n\t\t\t<\/div><\/figure><figure class='gallery-item'>\n\t\t\t<div class='gallery-icon landscape'>\n\t\t\t\t<a href='https:\/\/www.campagneperglianimali.org\/web\/wp-content\/uploads\/2016\/12\/flashmob-firenze7.jpg'><img loading=\"lazy\" decoding=\"async\" width=\"300\" height=\"200\" src=\"https:\/\/www.campagneperglianimali.org\/web\/wp-content\/uploads\/2016\/12\/flashmob-firenze7-500x334.jpg\" class=\"attachment-medium size-medium\" alt=\"\" srcset=\"https:\/\/www.campagneperglianimali.org\/web\/wp-content\/uploads\/2016\/12\/flashmob-firenze7-500x334.jpg 500w, https:\/\/www.campagneperglianimali.org\/web\/wp-content\/uploads\/2016\/12\/flashmob-firenze7-300x200.jpg 300w, https:\/\/www.campagneperglianimali.org\/web\/wp-content\/uploads\/2016\/12\/flashmob-firenze7-768x513.jpg 768w, https:\/\/www.campagneperglianimali.org\/web\/wp-content\/uploads\/2016\/12\/flashmob-firenze7-1024x684.jpg 1024w, https:\/\/www.campagneperglianimali.org\/web\/wp-content\/uploads\/2016\/12\/flashmob-firenze7-262x175.jpg 262w, https:\/\/www.campagneperglianimali.org\/web\/wp-content\/uploads\/2016\/12\/flashmob-firenze7-560x374.jpg 560w, https:\/\/www.campagneperglianimali.org\/web\/wp-content\/uploads\/2016\/12\/flashmob-firenze7.jpg 2048w\" sizes=\"auto, (max-width: 300px) 100vw, 300px\" \/><\/a>\n\t\t\t<\/div><\/figure><figure class='gallery-item'>\n\t\t\t<div class='gallery-icon landscape'>\n\t\t\t\t<a href='https:\/\/www.campagneperglianimali.org\/web\/wp-content\/uploads\/2016\/12\/flashmob-firenze8.jpg'><img loading=\"lazy\" decoding=\"async\" width=\"300\" height=\"200\" src=\"https:\/\/www.campagneperglianimali.org\/web\/wp-content\/uploads\/2016\/12\/flashmob-firenze8-500x334.jpg\" class=\"attachment-medium size-medium\" alt=\"\" srcset=\"https:\/\/www.campagneperglianimali.org\/web\/wp-content\/uploads\/2016\/12\/flashmob-firenze8-500x334.jpg 500w, https:\/\/www.campagneperglianimali.org\/web\/wp-content\/uploads\/2016\/12\/flashmob-firenze8-300x200.jpg 300w, https:\/\/www.campagneperglianimali.org\/web\/wp-content\/uploads\/2016\/12\/flashmob-firenze8-768x513.jpg 768w, https:\/\/www.campagneperglianimali.org\/web\/wp-content\/uploads\/2016\/12\/flashmob-firenze8-1024x684.jpg 1024w, https:\/\/www.campagneperglianimali.org\/web\/wp-content\/uploads\/2016\/12\/flashmob-firenze8-262x175.jpg 262w, https:\/\/www.campagneperglianimali.org\/web\/wp-content\/uploads\/2016\/12\/flashmob-firenze8-560x374.jpg 560w, https:\/\/www.campagneperglianimali.org\/web\/wp-content\/uploads\/2016\/12\/flashmob-firenze8.jpg 2048w\" sizes=\"auto, (max-width: 300px) 100vw, 300px\" \/><\/a>\n\t\t\t<\/div><\/figure><figure class='gallery-item'>\n\t\t\t<div class='gallery-icon landscape'>\n\t\t\t\t<a href='https:\/\/www.campagneperglianimali.org\/web\/wp-content\/uploads\/2016\/12\/flashmob-firenze9.jpg'><img loading=\"lazy\" decoding=\"async\" width=\"300\" height=\"200\" src=\"https:\/\/www.campagneperglianimali.org\/web\/wp-content\/uploads\/2016\/12\/flashmob-firenze9-500x334.jpg\" class=\"attachment-medium size-medium\" alt=\"\" srcset=\"https:\/\/www.campagneperglianimali.org\/web\/wp-content\/uploads\/2016\/12\/flashmob-firenze9-500x334.jpg 500w, https:\/\/www.campagneperglianimali.org\/web\/wp-content\/uploads\/2016\/12\/flashmob-firenze9-300x200.jpg 300w, https:\/\/www.campagneperglianimali.org\/web\/wp-content\/uploads\/2016\/12\/flashmob-firenze9-768x513.jpg 768w, https:\/\/www.campagneperglianimali.org\/web\/wp-content\/uploads\/2016\/12\/flashmob-firenze9-1024x684.jpg 1024w, https:\/\/www.campagneperglianimali.org\/web\/wp-content\/uploads\/2016\/12\/flashmob-firenze9-262x175.jpg 262w, https:\/\/www.campagneperglianimali.org\/web\/wp-content\/uploads\/2016\/12\/flashmob-firenze9-560x374.jpg 560w, https:\/\/www.campagneperglianimali.org\/web\/wp-content\/uploads\/2016\/12\/flashmob-firenze9.jpg 2048w\" sizes=\"auto, (max-width: 300px) 100vw, 300px\" \/><\/a>\n\t\t\t<\/div><\/figure><figure class='gallery-item'>\n\t\t\t<div class='gallery-icon landscape'>\n\t\t\t\t<a href='https:\/\/www.campagneperglianimali.org\/web\/wp-content\/uploads\/2016\/12\/flashmob-firenze10.jpg'><img loading=\"lazy\" decoding=\"async\" width=\"300\" height=\"200\" src=\"https:\/\/www.campagneperglianimali.org\/web\/wp-content\/uploads\/2016\/12\/flashmob-firenze10-500x334.jpg\" class=\"attachment-medium size-medium\" alt=\"\" srcset=\"https:\/\/www.campagneperglianimali.org\/web\/wp-content\/uploads\/2016\/12\/flashmob-firenze10-500x334.jpg 500w, https:\/\/www.campagneperglianimali.org\/web\/wp-content\/uploads\/2016\/12\/flashmob-firenze10-300x200.jpg 300w, https:\/\/www.campagneperglianimali.org\/web\/wp-content\/uploads\/2016\/12\/flashmob-firenze10-768x513.jpg 768w, https:\/\/www.campagneperglianimali.org\/web\/wp-content\/uploads\/2016\/12\/flashmob-firenze10-1024x684.jpg 1024w, https:\/\/www.campagneperglianimali.org\/web\/wp-content\/uploads\/2016\/12\/flashmob-firenze10-262x175.jpg 262w, https:\/\/www.campagneperglianimali.org\/web\/wp-content\/uploads\/2016\/12\/flashmob-firenze10-560x374.jpg 560w, https:\/\/www.campagneperglianimali.org\/web\/wp-content\/uploads\/2016\/12\/flashmob-firenze10.jpg 2048w\" sizes=\"auto, (max-width: 300px) 100vw, 300px\" \/><\/a>\n\t\t\t<\/div><\/figure><figure class='gallery-item'>\n\t\t\t<div class='gallery-icon landscape'>\n\t\t\t\t<a href='https:\/\/www.campagneperglianimali.org\/web\/wp-content\/uploads\/2016\/12\/flashmob-firenze11.jpg'><img loading=\"lazy\" decoding=\"async\" width=\"300\" height=\"200\" src=\"https:\/\/www.campagneperglianimali.org\/web\/wp-content\/uploads\/2016\/12\/flashmob-firenze11-500x334.jpg\" class=\"attachment-medium size-medium\" alt=\"\" srcset=\"https:\/\/www.campagneperglianimali.org\/web\/wp-content\/uploads\/2016\/12\/flashmob-firenze11-500x334.jpg 500w, https:\/\/www.campagneperglianimali.org\/web\/wp-content\/uploads\/2016\/12\/flashmob-firenze11-300x200.jpg 300w, https:\/\/www.campagneperglianimali.org\/web\/wp-content\/uploads\/2016\/12\/flashmob-firenze11-768x513.jpg 768w, https:\/\/www.campagneperglianimali.org\/web\/wp-content\/uploads\/2016\/12\/flashmob-firenze11-1024x684.jpg 1024w, https:\/\/www.campagneperglianimali.org\/web\/wp-content\/uploads\/2016\/12\/flashmob-firenze11-262x175.jpg 262w, https:\/\/www.campagneperglianimali.org\/web\/wp-content\/uploads\/2016\/12\/flashmob-firenze11-560x374.jpg 560w, https:\/\/www.campagneperglianimali.org\/web\/wp-content\/uploads\/2016\/12\/flashmob-firenze11.jpg 2048w\" sizes=\"auto, (max-width: 300px) 100vw, 300px\" \/><\/a>\n\t\t\t<\/div><\/figure><figure class='gallery-item'>\n\t\t\t<div class='gallery-icon landscape'>\n\t\t\t\t<a href='https:\/\/www.campagneperglianimali.org\/web\/wp-content\/uploads\/2016\/12\/flashmob-firenze12.jpg'><img loading=\"lazy\" decoding=\"async\" width=\"300\" height=\"200\" src=\"https:\/\/www.campagneperglianimali.org\/web\/wp-content\/uploads\/2016\/12\/flashmob-firenze12-500x334.jpg\" class=\"attachment-medium size-medium\" alt=\"\" srcset=\"https:\/\/www.campagneperglianimali.org\/web\/wp-content\/uploads\/2016\/12\/flashmob-firenze12-500x334.jpg 500w, https:\/\/www.campagneperglianimali.org\/web\/wp-content\/uploads\/2016\/12\/flashmob-firenze12-300x200.jpg 300w, https:\/\/www.campagneperglianimali.org\/web\/wp-content\/uploads\/2016\/12\/flashmob-firenze12-768x513.jpg 768w, https:\/\/www.campagneperglianimali.org\/web\/wp-content\/uploads\/2016\/12\/flashmob-firenze12-1024x684.jpg 1024w, https:\/\/www.campagneperglianimali.org\/web\/wp-content\/uploads\/2016\/12\/flashmob-firenze12-262x175.jpg 262w, https:\/\/www.campagneperglianimali.org\/web\/wp-content\/uploads\/2016\/12\/flashmob-firenze12-560x374.jpg 560w, https:\/\/www.campagneperglianimali.org\/web\/wp-content\/uploads\/2016\/12\/flashmob-firenze12.jpg 2048w\" sizes=\"auto, (max-width: 300px) 100vw, 300px\" \/><\/a>\n\t\t\t<\/div><\/figure><figure class='gallery-item'>\n\t\t\t<div class='gallery-icon landscape'>\n\t\t\t\t<a href='https:\/\/www.campagneperglianimali.org\/web\/wp-content\/uploads\/2016\/12\/flashmob-firenze14.jpg'><img loading=\"lazy\" decoding=\"async\" width=\"300\" height=\"200\" src=\"https:\/\/www.campagneperglianimali.org\/web\/wp-content\/uploads\/2016\/12\/flashmob-firenze14-500x334.jpg\" class=\"attachment-medium size-medium\" alt=\"\" srcset=\"https:\/\/www.campagneperglianimali.org\/web\/wp-content\/uploads\/2016\/12\/flashmob-firenze14-500x334.jpg 500w, https:\/\/www.campagneperglianimali.org\/web\/wp-content\/uploads\/2016\/12\/flashmob-firenze14-300x200.jpg 300w, https:\/\/www.campagneperglianimali.org\/web\/wp-content\/uploads\/2016\/12\/flashmob-firenze14-768x513.jpg 768w, https:\/\/www.campagneperglianimali.org\/web\/wp-content\/uploads\/2016\/12\/flashmob-firenze14-1024x684.jpg 1024w, https:\/\/www.campagneperglianimali.org\/web\/wp-content\/uploads\/2016\/12\/flashmob-firenze14-262x175.jpg 262w, https:\/\/www.campagneperglianimali.org\/web\/wp-content\/uploads\/2016\/12\/flashmob-firenze14-560x374.jpg 560w, https:\/\/www.campagneperglianimali.org\/web\/wp-content\/uploads\/2016\/12\/flashmob-firenze14.jpg 2048w\" sizes=\"auto, (max-width: 300px) 100vw, 300px\" \/><\/a>\n\t\t\t<\/div><\/figure><figure class='gallery-item'>\n\t\t\t<div class='gallery-icon landscape'>\n\t\t\t\t<a href='https:\/\/www.campagneperglianimali.org\/web\/wp-content\/uploads\/2016\/12\/flashmob-firenze13.jpg'><img loading=\"lazy\" decoding=\"async\" width=\"300\" height=\"200\" src=\"https:\/\/www.campagneperglianimali.org\/web\/wp-content\/uploads\/2016\/12\/flashmob-firenze13-500x334.jpg\" class=\"attachment-medium size-medium\" alt=\"\" srcset=\"https:\/\/www.campagneperglianimali.org\/web\/wp-content\/uploads\/2016\/12\/flashmob-firenze13-500x334.jpg 500w, https:\/\/www.campagneperglianimali.org\/web\/wp-content\/uploads\/2016\/12\/flashmob-firenze13-300x200.jpg 300w, https:\/\/www.campagneperglianimali.org\/web\/wp-content\/uploads\/2016\/12\/flashmob-firenze13-768x513.jpg 768w, https:\/\/www.campagneperglianimali.org\/web\/wp-content\/uploads\/2016\/12\/flashmob-firenze13-1024x684.jpg 1024w, https:\/\/www.campagneperglianimali.org\/web\/wp-content\/uploads\/2016\/12\/flashmob-firenze13-262x175.jpg 262w, https:\/\/www.campagneperglianimali.org\/web\/wp-content\/uploads\/2016\/12\/flashmob-firenze13-560x374.jpg 560w, https:\/\/www.campagneperglianimali.org\/web\/wp-content\/uploads\/2016\/12\/flashmob-firenze13.jpg 2048w\" sizes=\"auto, (max-width: 300px) 100vw, 300px\" \/><\/a>\n\t\t\t<\/div><\/figure>\n\t\t<\/div>\n\n","protected":false},"excerpt":{"rendered":"<p>Il flashmob organizzato da Progetto Vivere Vegan il 10 dicembre 2016 in occasione della Giornata per i Diritti degli Animali \u00e8 perfettamente riuscito. L&#8217;interesse suscitato nel pubblico e nei media \u00e8 stato considerevole. Siamo felici di constatare che dopo tutti questi anni, le pubblicit\u00e0 antispeciste di Ca possano ancora tornare utili ed essere utilizzate per&hellip;<a href=\"https:\/\/www.campagneperglianimali.org\/web\/il-flashmob-a-firenze-le-foto\/\" class=\"more-link\">Continua la lettura di <span class=\"screen-reader-text\">Il Flashmob a Firenze: le foto<\/span><\/a><\/p>\n","protected":false},"author":1,"featured_media":2622,"comment_status":"open","ping_status":"closed","sticky":false,"template":"","format":"standard","meta":{"fifu_image_url":"","fifu_image_alt":"","iawp_total_views":0,"footnotes":""},"categories":[152,13,6,5],"tags":[55,70,1335,1336,27,334,1337],"class_list":["post-2614","post","type-post","status-publish","format-standard","has-post-thumbnail","hentry","category-attivismo","category-eventi","category-notizie","category-pubblicita","tag-campagne-per-gli-animali","tag-firenze","tag-flashmob","tag-giornata-per-i-diritti-degli-animali","tag-progetto-vivere-vegan","tag-pubblicita-antispeciste","tag-vegan-firenze"],"views":3028,"_links":{"self":[{"href":"https:\/\/www.campagneperglianimali.org\/web\/wp-json\/wp\/v2\/posts\/2614","targetHints":{"allow":["GET"]}}],"collection":[{"href":"https:\/\/www.campagneperglianimali.org\/web\/wp-json\/wp\/v2\/posts"}],"about":[{"href":"https:\/\/www.campagneperglianimali.org\/web\/wp-json\/wp\/v2\/types\/post"}],"author":[{"embeddable":true,"href":"https:\/\/www.campagneperglianimali.org\/web\/wp-json\/wp\/v2\/users\/1"}],"replies":[{"embeddable":true,"href":"https:\/\/www.campagneperglianimali.org\/web\/wp-json\/wp\/v2\/comments?post=2614"}],"version-history":[{"count":2,"href":"https:\/\/www.campagneperglianimali.org\/web\/wp-json\/wp\/v2\/posts\/2614\/revisions"}],"predecessor-version":[{"id":2636,"href":"https:\/\/www.campagneperglianimali.org\/web\/wp-json\/wp\/v2\/posts\/2614\/revisions\/2636"}],"wp:featuredmedia":[{"embeddable":true,"href":"https:\/\/www.campagneperglianimali.org\/web\/wp-json\/wp\/v2\/media\/2622"}],"wp:attachment":[{"href":"https:\/\/www.campagneperglianimali.org\/web\/wp-json\/wp\/v2\/media?parent=2614"}],"wp:term":[{"taxonomy":"category","embeddable":true,"href":"https:\/\/www.campagneperglianimali.org\/web\/wp-json\/wp\/v2\/categories?post=2614"},{"taxonomy":"post_tag","embeddable":true,"href":"https:\/\/www.campagneperglianimali.org\/web\/wp-json\/wp\/v2\/tags?post=2614"}],"curies":[{"name":"wp","href":"https:\/\/api.w.org\/{rel}","templated":true}]}}