{"id":2869,"date":"2018-04-06T18:20:25","date_gmt":"2018-04-06T17:20:25","guid":{"rendered":"http:\/\/www.campagneperglianimali.org\/web\/?p=2869"},"modified":"2018-09-01T16:30:35","modified_gmt":"2018-09-01T15:30:35","slug":"comunichiamolo-un-manifesto-vegan","status":"publish","type":"post","link":"https:\/\/www.campagneperglianimali.org\/web\/comunichiamolo-un-manifesto-vegan\/","title":{"rendered":"COMUNICHIAMOLO. Un manifesto vegan!"},"content":{"rendered":"<p><a href=\"http:\/\/www.campagneperglianimali.org\/web\/wp-content\/uploads\/2018\/04\/manifesto-40000-al-secondo.jpg\"><img loading=\"lazy\" decoding=\"async\" class=\"alignnone wp-image-2870\" src=\"http:\/\/www.campagneperglianimali.org\/web\/wp-content\/uploads\/2018\/04\/manifesto-40000-al-secondo.jpg\" alt=\"\" width=\"630\" height=\"302\" srcset=\"https:\/\/www.campagneperglianimali.org\/web\/wp-content\/uploads\/2018\/04\/manifesto-40000-al-secondo.jpg 1078w, https:\/\/www.campagneperglianimali.org\/web\/wp-content\/uploads\/2018\/04\/manifesto-40000-al-secondo-300x144.jpg 300w, https:\/\/www.campagneperglianimali.org\/web\/wp-content\/uploads\/2018\/04\/manifesto-40000-al-secondo-768x368.jpg 768w, https:\/\/www.campagneperglianimali.org\/web\/wp-content\/uploads\/2018\/04\/manifesto-40000-al-secondo-1024x490.jpg 1024w, https:\/\/www.campagneperglianimali.org\/web\/wp-content\/uploads\/2018\/04\/manifesto-40000-al-secondo-750x359.jpg 750w, https:\/\/www.campagneperglianimali.org\/web\/wp-content\/uploads\/2018\/04\/manifesto-40000-al-secondo-560x268.jpg 560w\" sizes=\"auto, (max-width: 630px) 100vw, 630px\" \/><\/a><\/p>\n<p><em>Per comunicare il messaggio etico vegan e antispecista abbiamo tante possibilit\u00e0. Una di queste \u00e8 prendere gli spazi pubblicitari che i vari comuni offrono ed usarli per veicolare il nostro pensiero. Il progetto \u201cComunichiamolo\u201d vuole fare questo ed ha attivato una\u00a0<strong><a href=\"https:\/\/buonacausa.org\/cause\/comunichiamolo\" target=\"_blank\" rel=\"noopener\">raccolta fondi<\/a><\/strong> per affiggere in diverse citt\u00e0 italiane un primo manifesto vegan.<\/em><\/p>\n<p>Parte il progetto \u201c<strong>Comunichiamolo<\/strong>\u201d con l\u2019obbiettivo di affiggere manifesti di grande formato in diverse citt\u00e0 italiane per comunicare l&#8217;idea vegan e antispecista.<\/p>\n<p>Il primo manifesto vegan che sar\u00e0 protagonista per questa fase 1 \u00e8 quello ideato dal team di\u00a0<strong>Campagne per gli Animali<\/strong>\u00a0(Adriano Fragano, Dora Grieco, Roberto Politi) ed ha come titolo: \u201c<strong>40.000 al secondo<\/strong>\u201d. Si tratta di un manifesto che vede la collaborazione del Progetto X, di\u00a0<a href=\"https:\/\/www.alfredomeschi.com\/\" target=\"_blank\" rel=\"noopener\">Alfredo Meschi<\/a>\u00a0che \u00e8 anche protagonista dell\u2019immagine fotografica del manifesto, insieme alla Gallina di nome Vecchietta ospite della Fattoria della pace Ippoasi, in uno scatto della fotografa Sara Morena Zanella.<\/p>\n<p>Il manifesto vegan attraverso lo slogan e il testo ci dice:<\/p>\n<p>\u201c<em><strong>40.000 AL SECONDO \u2013 Uccidiamo 40.000 Animali ogni secondo. Sono quelli usati per produrre carne. Se per ognuno ci tatuassimo una X, il nostro corpo ne sarebbe pieno. Puoi cambiare la tua vita in un secondo per salvare quella degli altri. Diventa vegan<\/strong><\/em>\u201d<\/p>\n<p>L\u2019obbiettivo che Progetto Vivere Vegan si prefigge con il progetto \u201cComunichiamolo\u201d \u00e8 di arrivare ad affiggere questo manifesto vegan in diverse citt\u00e0, pi\u00f9 o meno in contemporanea, dove attivisti sono pronti per seguire la procedura di affissione. La dimensione del manifesto e del numero cambia in base al regolamento di ogni singolo comune.<\/p>\n<p>Questi i comuni selezionati, il numero dei manifesti e la dimensione:<\/p>\n<p><strong>Arezzo<\/strong>\u00a06 manifesti \u2013 misura 6 x 3 mt<br \/>\n<strong>Firenze<\/strong>\u00a06 manifesti \u2013 misura 6 x 3 mt<br \/>\n<strong>Genova<\/strong>\u00a06 manifesti \u2013 misura 6 x 3 mt<br \/>\n<strong>Livorno<\/strong>\u00a025 manifesti \u2013 misura 2 x 1,40 mt<br \/>\n<strong>Milano<\/strong>\u00a020 manifesti \u2013 misura 3 x 2 mt<br \/>\n<strong>Palermo<\/strong>\u00a010 stendardi \u2013 misura 1,40 x 2 mt<br \/>\n<strong>Pisa<\/strong>\u00a06 manifesti \u2013 misura 6 x 3 mt<br \/>\n<strong>Prato<\/strong>\u00a03 manifesti \u2013 misura 6 x 3 mt<br \/>\n<strong>Scandicci<\/strong>\u00a02 manifesti \u2013 misura 6 x 3 mt<br \/>\n<strong>Siena<\/strong>\u00a06 manifesti \u2013 misura 6 x 3 mt<\/p>\n<p>Per raggiungere questo primo obiettivo di \u201cComunichiamolo\u201d \u00e8 stata attivata una raccolta fondi.<br \/>\nFai una donazione e diventa supporter di questo progetto.\u00a0<strong><a href=\"https:\/\/buonacausa.org\/cause\/comunichiamolo\" target=\"_blank\" rel=\"noopener\">Dona ora &gt;&gt;<\/a><\/strong><\/p>\n","protected":false},"excerpt":{"rendered":"<p>Per comunicare il messaggio etico vegan e antispecista abbiamo tante possibilit\u00e0. Una di queste \u00e8 prendere gli spazi pubblicitari che i vari comuni offrono ed usarli per veicolare il nostro pensiero. Il progetto \u201cComunichiamolo\u201d vuole fare questo ed ha attivato una\u00a0raccolta fondi per affiggere in diverse citt\u00e0 italiane un primo manifesto vegan. Parte il progetto&hellip;<a href=\"https:\/\/www.campagneperglianimali.org\/web\/comunichiamolo-un-manifesto-vegan\/\" class=\"more-link\">Continua la lettura di <span class=\"screen-reader-text\">COMUNICHIAMOLO. Un manifesto vegan!<\/span><\/a><\/p>\n","protected":false},"author":1,"featured_media":2870,"comment_status":"open","ping_status":"closed","sticky":false,"template":"","format":"standard","meta":{"fifu_image_url":"","fifu_image_alt":"","iawp_total_views":1,"footnotes":""},"categories":[152,13,20,5],"tags":[1374,1261,1393,55,1388,842,1402,1392,1394,1395,1396,1218,1389,1390,1387,1397,1398,1399,27,1279,1254,67,612,1391,1372,1400,1401,137],"class_list":["post-2869","post","type-post","status-publish","format-standard","has-post-thumbnail","hentry","category-attivismo","category-eventi","category-media","category-pubblicita","tag-40000-al-secondo","tag-alfredo-meschi","tag-arezzo-vegan","tag-campagne-per-gli-animali","tag-comunichiamolo","tag-controinformazione","tag-diventa-vegan","tag-divulgazione-veganismo","tag-firenze-vegan","tag-genova-vegan","tag-livorno-vegan","tag-mangiare-carne","tag-manifesto-vegan","tag-megacartellone-vegan","tag-milano-vegan","tag-palermo-vegan","tag-pisa-vegan","tag-prato-vegan","tag-progetto-vivere-vegan","tag-progetto-x","tag-pubblicita-animali","tag-pubblicita-antispecista","tag-pubblicita-vegana","tag-raccolta-fondi-pubblicita","tag-sara-morena-zanella","tag-scandicci-vegan","tag-siena-vegan","tag-vegan"],"views":3162,"_links":{"self":[{"href":"https:\/\/www.campagneperglianimali.org\/web\/wp-json\/wp\/v2\/posts\/2869","targetHints":{"allow":["GET"]}}],"collection":[{"href":"https:\/\/www.campagneperglianimali.org\/web\/wp-json\/wp\/v2\/posts"}],"about":[{"href":"https:\/\/www.campagneperglianimali.org\/web\/wp-json\/wp\/v2\/types\/post"}],"author":[{"embeddable":true,"href":"https:\/\/www.campagneperglianimali.org\/web\/wp-json\/wp\/v2\/users\/1"}],"replies":[{"embeddable":true,"href":"https:\/\/www.campagneperglianimali.org\/web\/wp-json\/wp\/v2\/comments?post=2869"}],"version-history":[{"count":2,"href":"https:\/\/www.campagneperglianimali.org\/web\/wp-json\/wp\/v2\/posts\/2869\/revisions"}],"predecessor-version":[{"id":2927,"href":"https:\/\/www.campagneperglianimali.org\/web\/wp-json\/wp\/v2\/posts\/2869\/revisions\/2927"}],"wp:featuredmedia":[{"embeddable":true,"href":"https:\/\/www.campagneperglianimali.org\/web\/wp-json\/wp\/v2\/media\/2870"}],"wp:attachment":[{"href":"https:\/\/www.campagneperglianimali.org\/web\/wp-json\/wp\/v2\/media?parent=2869"}],"wp:term":[{"taxonomy":"category","embeddable":true,"href":"https:\/\/www.campagneperglianimali.org\/web\/wp-json\/wp\/v2\/categories?post=2869"},{"taxonomy":"post_tag","embeddable":true,"href":"https:\/\/www.campagneperglianimali.org\/web\/wp-json\/wp\/v2\/tags?post=2869"}],"curies":[{"name":"wp","href":"https:\/\/api.w.org\/{rel}","templated":true}]}}