{"id":2994,"date":"2019-03-19T16:51:39","date_gmt":"2019-03-19T15:51:39","guid":{"rendered":"http:\/\/www.campagneperglianimali.org\/web\/?p=2994"},"modified":"2019-03-20T11:39:03","modified_gmt":"2019-03-20T10:39:03","slug":"20-pubblicita-antispeciste-a-chieri-to","status":"publish","type":"post","link":"https:\/\/www.campagneperglianimali.org\/web\/20-pubblicita-antispeciste-a-chieri-to\/","title":{"rendered":"20 pubblicit\u00e0 antispeciste a Chieri (TO)"},"content":{"rendered":"<p><img loading=\"lazy\" decoding=\"async\" class=\"alignnone size-full wp-image-2478\" src=\"http:\/\/www.campagneperglianimali.org\/web\/wp-content\/uploads\/2016\/06\/se-fosse-tuo-figlio.jpg\" alt=\"\" width=\"630\" height=\"348\" srcset=\"https:\/\/www.campagneperglianimali.org\/web\/wp-content\/uploads\/2016\/06\/se-fosse-tuo-figlio.jpg 630w, https:\/\/www.campagneperglianimali.org\/web\/wp-content\/uploads\/2016\/06\/se-fosse-tuo-figlio-300x166.jpg 300w, https:\/\/www.campagneperglianimali.org\/web\/wp-content\/uploads\/2016\/06\/se-fosse-tuo-figlio-500x276.jpg 500w, https:\/\/www.campagneperglianimali.org\/web\/wp-content\/uploads\/2016\/06\/se-fosse-tuo-figlio-317x175.jpg 317w\" sizes=\"auto, (max-width: 630px) 100vw, 630px\" \/><\/p>\n<p>Con piacere si rende nota l&#8217;iniziativa di una singola persona che si \u00e8 fatta carico della stampa e dell&#8217;affissione di 20 cartelloni 70X100 cm della pubblicit\u00e0 antispecista &#8220;<strong><a href=\"http:\/\/www.campagneperglianimali.org\/web\/se-fosse-tuo-figlio\/\">Se fosse tuo figlio?<\/a><\/strong>&#8221; nella citt\u00e0 di Chieri (TO).<br \/>\nLe pubblicit\u00e0 rimarranno affisse dall&#8217;11 al 22 marzo 2019.<br \/>\nUn grazie di cuore ad <strong>Elisa<\/strong> che ci dimostra senza ombra di dubbio che anche una sola persona umana motivata pu\u00f2 fare la differenza e ottenere notevoli risultati.<br \/>\nSperiamo che altre ne seguano.<\/p>\n<p>Di seguito l&#8217;elenco delle vie delle affissioni:<\/p>\n<p>Numero cartelloni &#8211; indirizzo di affissione<\/p>\n<p>4 &#8211; Corso Buozzi<br \/>\n2 &#8211; Via Di Vittorio<br \/>\n2 &#8211; Via Fiume<br \/>\n2 &#8211; Strada Fontaneto<br \/>\n2 &#8211; Via Monti<br \/>\n2 &#8211; Piazza Quarini<br \/>\n2 &#8211; Via Rosine<br \/>\n2 &#8211; Strada San Silvestro<br \/>\n2 &#8211; Piazza Dante<\/p>\n<p>Alcune foto delle affissioni e di un una scritta interessante.<\/p>\n<div id='gallery-1' class='gallery galleryid-2994 gallery-columns-2 gallery-size-thumbnail'><figure class='gallery-item'>\n\t\t\t<div class='gallery-icon landscape'>\n\t\t\t\t<a href='https:\/\/www.campagneperglianimali.org\/web\/wp-content\/uploads\/2019\/03\/se-fosse-tuo-figlio-chieri-marzo-2019-1.jpg'><img loading=\"lazy\" decoding=\"async\" width=\"250\" height=\"200\" src=\"https:\/\/www.campagneperglianimali.org\/web\/wp-content\/uploads\/2019\/03\/se-fosse-tuo-figlio-chieri-marzo-2019-1-250x200.jpg\" class=\"attachment-thumbnail size-thumbnail\" alt=\"\" \/><\/a>\n\t\t\t<\/div><\/figure><figure class='gallery-item'>\n\t\t\t<div class='gallery-icon landscape'>\n\t\t\t\t<a href='https:\/\/www.campagneperglianimali.org\/web\/wp-content\/uploads\/2019\/03\/se-fosse-tuo-figlio-chieri-marzo-2019-5.jpg'><img loading=\"lazy\" decoding=\"async\" width=\"250\" height=\"200\" src=\"https:\/\/www.campagneperglianimali.org\/web\/wp-content\/uploads\/2019\/03\/se-fosse-tuo-figlio-chieri-marzo-2019-5-250x200.jpg\" class=\"attachment-thumbnail size-thumbnail\" alt=\"\" \/><\/a>\n\t\t\t<\/div><\/figure><figure class='gallery-item'>\n\t\t\t<div class='gallery-icon portrait'>\n\t\t\t\t<a href='https:\/\/www.campagneperglianimali.org\/web\/wp-content\/uploads\/2019\/03\/se-fosse-tuo-figlio-chieri-marzo-2019-6.jpg'><img loading=\"lazy\" decoding=\"async\" width=\"250\" height=\"200\" src=\"https:\/\/www.campagneperglianimali.org\/web\/wp-content\/uploads\/2019\/03\/se-fosse-tuo-figlio-chieri-marzo-2019-6-250x200.jpg\" class=\"attachment-thumbnail size-thumbnail\" alt=\"\" \/><\/a>\n\t\t\t<\/div><\/figure><figure class='gallery-item'>\n\t\t\t<div class='gallery-icon landscape'>\n\t\t\t\t<a href='https:\/\/www.campagneperglianimali.org\/web\/wp-content\/uploads\/2019\/03\/se-fosse-tuo-figlio-chieri-marzo-2019-2.jpg'><img loading=\"lazy\" decoding=\"async\" width=\"250\" height=\"200\" src=\"https:\/\/www.campagneperglianimali.org\/web\/wp-content\/uploads\/2019\/03\/se-fosse-tuo-figlio-chieri-marzo-2019-2-250x200.jpg\" class=\"attachment-thumbnail size-thumbnail\" alt=\"\" \/><\/a>\n\t\t\t<\/div><\/figure>\n\t\t<\/div>\n\n","protected":false},"excerpt":{"rendered":"<p>Con piacere si rende nota l&#8217;iniziativa di una singola persona che si \u00e8 fatta carico della stampa e dell&#8217;affissione di 20 cartelloni 70X100 cm della pubblicit\u00e0 antispecista &#8220;Se fosse tuo figlio?&#8221; nella citt\u00e0 di Chieri (TO). Le pubblicit\u00e0 rimarranno affisse dall&#8217;11 al 22 marzo 2019. Un grazie di cuore ad Elisa che ci dimostra senza&hellip;<a href=\"https:\/\/www.campagneperglianimali.org\/web\/20-pubblicita-antispeciste-a-chieri-to\/\" class=\"more-link\">Continua la lettura di <span class=\"screen-reader-text\">20 pubblicit\u00e0 antispeciste a Chieri (TO)<\/span><\/a><\/p>\n","protected":false},"author":1,"featured_media":2478,"comment_status":"open","ping_status":"closed","sticky":false,"template":"","format":"standard","meta":{"fifu_image_url":"","fifu_image_alt":"","iawp_total_views":4,"footnotes":""},"categories":[152,7,5],"tags":[55,1455,1458,517,67,612,58,137,1456,48],"class_list":["post-2994","post","type-post","status-publish","format-standard","has-post-thumbnail","hentry","category-attivismo","category-comunicati","category-pubblicita","tag-campagne-per-gli-animali","tag-chieri","tag-chieri-antispecista","tag-liberazione-animale","tag-pubblicita-antispecista","tag-pubblicita-vegana","tag-se-fosse-tuo-figlio","tag-vegan","tag-vegan-chieri","tag-veganismo"],"views":3040,"_links":{"self":[{"href":"https:\/\/www.campagneperglianimali.org\/web\/wp-json\/wp\/v2\/posts\/2994","targetHints":{"allow":["GET"]}}],"collection":[{"href":"https:\/\/www.campagneperglianimali.org\/web\/wp-json\/wp\/v2\/posts"}],"about":[{"href":"https:\/\/www.campagneperglianimali.org\/web\/wp-json\/wp\/v2\/types\/post"}],"author":[{"embeddable":true,"href":"https:\/\/www.campagneperglianimali.org\/web\/wp-json\/wp\/v2\/users\/1"}],"replies":[{"embeddable":true,"href":"https:\/\/www.campagneperglianimali.org\/web\/wp-json\/wp\/v2\/comments?post=2994"}],"version-history":[{"count":6,"href":"https:\/\/www.campagneperglianimali.org\/web\/wp-json\/wp\/v2\/posts\/2994\/revisions"}],"predecessor-version":[{"id":3008,"href":"https:\/\/www.campagneperglianimali.org\/web\/wp-json\/wp\/v2\/posts\/2994\/revisions\/3008"}],"wp:featuredmedia":[{"embeddable":true,"href":"https:\/\/www.campagneperglianimali.org\/web\/wp-json\/wp\/v2\/media\/2478"}],"wp:attachment":[{"href":"https:\/\/www.campagneperglianimali.org\/web\/wp-json\/wp\/v2\/media?parent=2994"}],"wp:term":[{"taxonomy":"category","embeddable":true,"href":"https:\/\/www.campagneperglianimali.org\/web\/wp-json\/wp\/v2\/categories?post=2994"},{"taxonomy":"post_tag","embeddable":true,"href":"https:\/\/www.campagneperglianimali.org\/web\/wp-json\/wp\/v2\/tags?post=2994"}],"curies":[{"name":"wp","href":"https:\/\/api.w.org\/{rel}","templated":true}]}}