{"id":3203,"date":"2021-01-02T12:40:41","date_gmt":"2021-01-02T11:40:41","guid":{"rendered":"http:\/\/www.campagneperglianimali.org\/web\/?p=3203"},"modified":"2021-12-27T18:21:25","modified_gmt":"2021-12-27T17:21:25","slug":"megacartelloni-di-40-000-al-secondo-a-trento-sotto-la-neve","status":"publish","type":"post","link":"https:\/\/www.campagneperglianimali.org\/web\/megacartelloni-di-40-000-al-secondo-a-trento-sotto-la-neve\/","title":{"rendered":"Megacartelloni di \u201c40.000 al secondo\u201d a Trento sotto la neve"},"content":{"rendered":"<p><img loading=\"lazy\" decoding=\"async\" class=\"size-full wp-image-3201 aligncenter\" src=\"http:\/\/www.campagneperglianimali.org\/web\/wp-content\/uploads\/2021\/01\/40000-trento-dicembre-2020-6.jpg\" alt=\"\" width=\"900\" height=\"560\" srcset=\"https:\/\/www.campagneperglianimali.org\/web\/wp-content\/uploads\/2021\/01\/40000-trento-dicembre-2020-6.jpg 900w, https:\/\/www.campagneperglianimali.org\/web\/wp-content\/uploads\/2021\/01\/40000-trento-dicembre-2020-6-300x187.jpg 300w, https:\/\/www.campagneperglianimali.org\/web\/wp-content\/uploads\/2021\/01\/40000-trento-dicembre-2020-6-768x478.jpg 768w, https:\/\/www.campagneperglianimali.org\/web\/wp-content\/uploads\/2021\/01\/40000-trento-dicembre-2020-6-750x467.jpg 750w\" sizes=\"auto, (max-width: 900px) 100vw, 900px\" \/><\/p>\n<p>Come poter cominciare nel migliore dei modi il nuovo anno? Certamente con una bella notizia: <strong>a Trento sono attualmente affissi e in bella vista in centro citt\u00e0, tre megacartelloni di 6 metri per 3 metri<\/strong> della pubblicit\u00e0 antispecista di Ca &#8220;<a href=\"http:\/\/www.campagneperglianimali.org\/web\/40-000-al-secondo\/\">40.000 al secondo<\/a>&#8220;.<\/p>\n<p>Le affissioni (in Piazzetta da Vinci, Via del Travai e Piazza Venezia) sono cominciate il 28 dicembre 2020 e dovrebbero terminare il 10 gennaio 2021. Il condizionale \u00e8 d&#8217;obbligo perch\u00e9, a causa del periodo particolare che stiamo vivendo, la programmazione originaria delle affissioni (dal 21 dicembre al 3 gennaio) \u00e8 saltata. Il COVID 19, il confinamento, le restrizioni di varia natura, disguidi di spedizione e <em>dulcis in fundo<\/em> la neve, hanno ritardato il tutto. L&#8217;organizzazione locale che si \u00e8 incaricata dell&#8217;affissione, per\u00f2, non si \u00e8 persa d&#8217;animo e per la prima volta \u00e8 possibile proporvi una galleria fotografica di una pubblicit\u00e0 Ca sotto un considerevole manto di neve.<br \/>\n<!--more-->Un grazie di cuore a chi ha reso possibile questa affissione, ossia all&#8217;associazione <a href=\"https:\/\/www.eticanimalista.org\/\" target=\"_blank\" rel=\"noopener\">Etica Animalista<\/a> che si \u00e8 occupata anche della raccolta fondi, in particolar modo grazie a Ivana Ravanelli, anima dell&#8217;intera vicenda. Grazie inoltre a tutte le persone umane amiche di Marco Ciuti (co-fondatore di Etica Animalista purtroppo scomparso a luglio) che hanno donato, su indicazione della moglie Elena, parte del denaro necessario per le affissioni che vengono cos\u00ec dedicate alla sua memoria. Grazie infine a Fabiana Formeli e Cristian Santini per il loro contributo economico.<\/p>\n<p>I megacartelloni di Trento sono una testimonianza tangibile che, nonostante le avversit\u00e0, con la determinazione necessaria tutto \u00e8 possibile. L&#8217;augurio per questo nuovo anno dunque \u00e8 quello che con la stessa determinazione si possa procedere in mille altri progetti in favore della liberazione animale.<\/p>\n<div id='gallery-1' class='gallery galleryid-3203 gallery-columns-2 gallery-size-medium'><figure class='gallery-item'>\n\t\t\t<div class='gallery-icon landscape'>\n\t\t\t\t<a href='https:\/\/www.campagneperglianimali.org\/web\/wp-content\/uploads\/2021\/01\/40000-trento-dicembre-2020-5.jpg'><img loading=\"lazy\" decoding=\"async\" width=\"300\" height=\"187\" src=\"https:\/\/www.campagneperglianimali.org\/web\/wp-content\/uploads\/2021\/01\/40000-trento-dicembre-2020-5-300x187.jpg\" class=\"attachment-medium size-medium\" alt=\"\" srcset=\"https:\/\/www.campagneperglianimali.org\/web\/wp-content\/uploads\/2021\/01\/40000-trento-dicembre-2020-5-300x187.jpg 300w, https:\/\/www.campagneperglianimali.org\/web\/wp-content\/uploads\/2021\/01\/40000-trento-dicembre-2020-5-768x478.jpg 768w, https:\/\/www.campagneperglianimali.org\/web\/wp-content\/uploads\/2021\/01\/40000-trento-dicembre-2020-5-750x467.jpg 750w, https:\/\/www.campagneperglianimali.org\/web\/wp-content\/uploads\/2021\/01\/40000-trento-dicembre-2020-5.jpg 900w\" sizes=\"auto, (max-width: 300px) 100vw, 300px\" \/><\/a>\n\t\t\t<\/div><\/figure><figure class='gallery-item'>\n\t\t\t<div class='gallery-icon landscape'>\n\t\t\t\t<a href='https:\/\/www.campagneperglianimali.org\/web\/wp-content\/uploads\/2021\/01\/40000-trento-dicembre-2020-4.jpg'><img loading=\"lazy\" decoding=\"async\" width=\"300\" height=\"187\" src=\"https:\/\/www.campagneperglianimali.org\/web\/wp-content\/uploads\/2021\/01\/40000-trento-dicembre-2020-4-300x187.jpg\" class=\"attachment-medium size-medium\" alt=\"\" srcset=\"https:\/\/www.campagneperglianimali.org\/web\/wp-content\/uploads\/2021\/01\/40000-trento-dicembre-2020-4-300x187.jpg 300w, https:\/\/www.campagneperglianimali.org\/web\/wp-content\/uploads\/2021\/01\/40000-trento-dicembre-2020-4-768x478.jpg 768w, https:\/\/www.campagneperglianimali.org\/web\/wp-content\/uploads\/2021\/01\/40000-trento-dicembre-2020-4-750x467.jpg 750w, https:\/\/www.campagneperglianimali.org\/web\/wp-content\/uploads\/2021\/01\/40000-trento-dicembre-2020-4.jpg 900w\" sizes=\"auto, (max-width: 300px) 100vw, 300px\" \/><\/a>\n\t\t\t<\/div><\/figure><figure class='gallery-item'>\n\t\t\t<div class='gallery-icon landscape'>\n\t\t\t\t<a href='https:\/\/www.campagneperglianimali.org\/web\/wp-content\/uploads\/2021\/01\/40000-trento-dicembre-2020-3.jpg'><img loading=\"lazy\" decoding=\"async\" width=\"300\" height=\"187\" src=\"https:\/\/www.campagneperglianimali.org\/web\/wp-content\/uploads\/2021\/01\/40000-trento-dicembre-2020-3-300x187.jpg\" class=\"attachment-medium size-medium\" alt=\"\" srcset=\"https:\/\/www.campagneperglianimali.org\/web\/wp-content\/uploads\/2021\/01\/40000-trento-dicembre-2020-3-300x187.jpg 300w, https:\/\/www.campagneperglianimali.org\/web\/wp-content\/uploads\/2021\/01\/40000-trento-dicembre-2020-3-768x478.jpg 768w, https:\/\/www.campagneperglianimali.org\/web\/wp-content\/uploads\/2021\/01\/40000-trento-dicembre-2020-3-750x467.jpg 750w, https:\/\/www.campagneperglianimali.org\/web\/wp-content\/uploads\/2021\/01\/40000-trento-dicembre-2020-3.jpg 900w\" sizes=\"auto, (max-width: 300px) 100vw, 300px\" \/><\/a>\n\t\t\t<\/div><\/figure><figure class='gallery-item'>\n\t\t\t<div class='gallery-icon landscape'>\n\t\t\t\t<a href='https:\/\/www.campagneperglianimali.org\/web\/wp-content\/uploads\/2021\/01\/40000-trento-dicembre-2020-1.jpg'><img loading=\"lazy\" decoding=\"async\" width=\"300\" height=\"187\" src=\"https:\/\/www.campagneperglianimali.org\/web\/wp-content\/uploads\/2021\/01\/40000-trento-dicembre-2020-1-300x187.jpg\" class=\"attachment-medium size-medium\" alt=\"\" srcset=\"https:\/\/www.campagneperglianimali.org\/web\/wp-content\/uploads\/2021\/01\/40000-trento-dicembre-2020-1-300x187.jpg 300w, https:\/\/www.campagneperglianimali.org\/web\/wp-content\/uploads\/2021\/01\/40000-trento-dicembre-2020-1-768x478.jpg 768w, https:\/\/www.campagneperglianimali.org\/web\/wp-content\/uploads\/2021\/01\/40000-trento-dicembre-2020-1-750x467.jpg 750w, https:\/\/www.campagneperglianimali.org\/web\/wp-content\/uploads\/2021\/01\/40000-trento-dicembre-2020-1.jpg 900w\" sizes=\"auto, (max-width: 300px) 100vw, 300px\" \/><\/a>\n\t\t\t<\/div><\/figure><figure class='gallery-item'>\n\t\t\t<div class='gallery-icon landscape'>\n\t\t\t\t<a href='https:\/\/www.campagneperglianimali.org\/web\/wp-content\/uploads\/2021\/01\/40000-trento-dicembre-2020-7.jpg'><img loading=\"lazy\" decoding=\"async\" width=\"300\" height=\"187\" src=\"https:\/\/www.campagneperglianimali.org\/web\/wp-content\/uploads\/2021\/01\/40000-trento-dicembre-2020-7-300x187.jpg\" class=\"attachment-medium size-medium\" alt=\"\" srcset=\"https:\/\/www.campagneperglianimali.org\/web\/wp-content\/uploads\/2021\/01\/40000-trento-dicembre-2020-7-300x187.jpg 300w, https:\/\/www.campagneperglianimali.org\/web\/wp-content\/uploads\/2021\/01\/40000-trento-dicembre-2020-7-768x478.jpg 768w, https:\/\/www.campagneperglianimali.org\/web\/wp-content\/uploads\/2021\/01\/40000-trento-dicembre-2020-7-750x467.jpg 750w, https:\/\/www.campagneperglianimali.org\/web\/wp-content\/uploads\/2021\/01\/40000-trento-dicembre-2020-7.jpg 900w\" sizes=\"auto, (max-width: 300px) 100vw, 300px\" \/><\/a>\n\t\t\t<\/div><\/figure>\n\t\t<\/div>\n\n","protected":false},"excerpt":{"rendered":"<p>Come poter cominciare nel migliore dei modi il nuovo anno? Certamente con una bella notizia: a Trento sono attualmente affissi e in bella vista in centro citt\u00e0, tre megacartelloni di 6 metri per 3 metri della pubblicit\u00e0 antispecista di Ca &#8220;40.000 al secondo&#8220;. Le affissioni (in Piazzetta da Vinci, Via del Travai e Piazza Venezia)&hellip;<a href=\"https:\/\/www.campagneperglianimali.org\/web\/megacartelloni-di-40-000-al-secondo-a-trento-sotto-la-neve\/\" class=\"more-link\">Continua la lettura di <span class=\"screen-reader-text\">Megacartelloni di \u201c40.000 al secondo\u201d a Trento sotto la neve<\/span><\/a><\/p>\n","protected":false},"author":1,"featured_media":3201,"comment_status":"open","ping_status":"closed","sticky":false,"template":"","format":"standard","meta":{"fifu_image_url":"","fifu_image_alt":"","iawp_total_views":13,"footnotes":""},"categories":[152,6,5],"tags":[1449,1374,1261,314,1510,1509,1514,781,1515,815,517,1512,1513,698,67,1431,1511,48],"class_list":["post-3203","post","type-post","status-publish","format-standard","has-post-thumbnail","hentry","category-attivismo","category-notizie","category-pubblicita","tag-40-000-al-secondo","tag-40000-al-secondo","tag-alfredo-meschi","tag-antispecismo","tag-antispecismo-trento","tag-campagne-pelicita-antispecista","tag-cristian-santini","tag-etica-animalista","tag-fabiana-formeli","tag-ivana-ravanelli","tag-liberazione-animale","tag-marco-ciuti","tag-pubb","tag-pubblicita-animalista","tag-pubblicita-antispecista","tag-pubblicita-vegan","tag-vegan-trento","tag-veganismo"],"views":4289,"_links":{"self":[{"href":"https:\/\/www.campagneperglianimali.org\/web\/wp-json\/wp\/v2\/posts\/3203","targetHints":{"allow":["GET"]}}],"collection":[{"href":"https:\/\/www.campagneperglianimali.org\/web\/wp-json\/wp\/v2\/posts"}],"about":[{"href":"https:\/\/www.campagneperglianimali.org\/web\/wp-json\/wp\/v2\/types\/post"}],"author":[{"embeddable":true,"href":"https:\/\/www.campagneperglianimali.org\/web\/wp-json\/wp\/v2\/users\/1"}],"replies":[{"embeddable":true,"href":"https:\/\/www.campagneperglianimali.org\/web\/wp-json\/wp\/v2\/comments?post=3203"}],"version-history":[{"count":13,"href":"https:\/\/www.campagneperglianimali.org\/web\/wp-json\/wp\/v2\/posts\/3203\/revisions"}],"predecessor-version":[{"id":3983,"href":"https:\/\/www.campagneperglianimali.org\/web\/wp-json\/wp\/v2\/posts\/3203\/revisions\/3983"}],"wp:featuredmedia":[{"embeddable":true,"href":"https:\/\/www.campagneperglianimali.org\/web\/wp-json\/wp\/v2\/media\/3201"}],"wp:attachment":[{"href":"https:\/\/www.campagneperglianimali.org\/web\/wp-json\/wp\/v2\/media?parent=3203"}],"wp:term":[{"taxonomy":"category","embeddable":true,"href":"https:\/\/www.campagneperglianimali.org\/web\/wp-json\/wp\/v2\/categories?post=3203"},{"taxonomy":"post_tag","embeddable":true,"href":"https:\/\/www.campagneperglianimali.org\/web\/wp-json\/wp\/v2\/tags?post=3203"}],"curies":[{"name":"wp","href":"https:\/\/api.w.org\/{rel}","templated":true}]}}