{"id":910,"date":"2012-10-31T09:34:32","date_gmt":"2012-10-31T09:34:32","guid":{"rendered":"http:\/\/www.campagneperglianimali.org\/web\/?p=910"},"modified":"2021-02-07T10:42:37","modified_gmt":"2021-02-07T09:42:37","slug":"il-corteo-antispecista-che-vorremmo","status":"publish","type":"post","link":"https:\/\/www.campagneperglianimali.org\/web\/il-corteo-antispecista-che-vorremmo\/","title":{"rendered":"Il corteo antispecista che vorremmo"},"content":{"rendered":"<p>Il corteo antispecista che vorremmo dovrebbe essere un corteo coeso, compatto e deciso, un corteo pieno di cartelloni, frasi e testi inneggianti alla liberazione animale e alla fine dello specismo della societ\u00e0 umana; dovrebbe essere un corteo di persone libere e informate, di persone che leggono, che pensano, che si scambiamo opinioni e idee, che si confrontano e \u2013 perch\u00e9 no? \u2013 che si scontrano per sostenere un\u2019idea, ma sempre tenendo presente l\u2019obiettivo finale, e sempre con la consapevolezza che mai nessun fine giustifica i mezzi.<br \/>\nIl corteo antispecista che vorremmo non \u00e8 quello che si \u00e8 tenuto a Correzzana il 20 ottobre 2012 contro il lager di Animali della Harlan: perch\u00e9 nonostante a tale corteo abbiano partecipato molte persone consapevoli e sinceramente spinte dal desiderio della lotta antispecista, esso \u00e8 stato teatro di azioni e di comportamenti assolutamente inaccettabili. A poco serve dire che in definitiva coloro che si sono comportati da perfetti idioti erano una sparuta minoranza, perch\u00e9 anche solo una persona che urla \u201cnelle foibe c\u2019\u00e8 ancora posto\u201d \u00e8 un idiota di troppo. Anche solo una persona tra mille che alza le mani per spingere o picchiare qualcuno, \u00e8 un idiota di troppo.<br \/>\nE questo perch\u00e9 l\u2019antispecismo \u00e8 un\u2019idea rivoluzionaria che intende cambiare alla radice la societ\u00e0 umana, e per farlo non pu\u00f2, non deve, adottare gli stessi metodi di chi intende combattere: l\u2019attacco violento. Inneggiare alle foibe \u00e8 vergognoso e in assoluta antitesi con il pensiero antispecista. Picchiare qualcuno \u00e8 stupido e contrario alla visione antispecista, perch\u00e9 \u00e8 una pratica di dominio, una pratica atta ad offendere e sottomettere, a controllare e neutralizzare, non a difendersi e a liberare. Il cambiamento deve avvenire per primo nelle nostre menti.<br \/>\nIl corteo antispecista che vorremmo non ha bisogno dell\u2019\u201dassistenza\u201d di chi non \u00e8 antispecista per gestire l\u2019evento, dovrebbe gestirsi da solo: dovrebbe essere gestito da persone profondamente convinte del messaggio che tale corteo deve veicolare, persone quindi che non si comporterebbero esattamente come i fascisti che intendono allontanare.<br \/>\nMa il corteo che vorremmo dovrebbe anche essere pieno d\u2019individui consapevoli, e non di persone che partecipano senza un minimo d\u2019informazione o di visione critica, o di persone disposte a collaborare con chiunque perch\u00e9 \u201cagli animali non frega nulla della politica\u201d. E invece agli Animali frega eccome della politica, perch\u00e9 \u00e8 per colpa di questa societ\u00e0 umana in cui siamo immersi, delle scelte individuali e collettive, delle tradizioni e delle consuetudini violente, delle visioni antropocentriche e del dominio che siamo abituati a esercitare, che soffrono e crepano tutti i giorni. La nostra politica \u00e8 di continua guerra con chi non \u00e8 come noi.<br \/>\nPertanto la \u201cpolitica\u201d umana interessa eccome chi la subisce a prescindere che sia Umano o meno perch\u00e9 ne \u00e8 sempre vittima. La pratica antispecista \u00e8 politica, e come tale, tende a influenzare la societ\u00e0 umana per renderla libera ed egualitaria, lo si \u00e8 detto mille e mille volte, chi ancora non lo ha capito \u00e8 perch\u00e9 non lo vuole capire.<br \/>\nAl corteo antispecista che vorremmo ci dovrebbe essere sempre chi introduce la manifestazione, spiegando perch\u00e9 si \u00e8 deciso di farla e quali sono i principi che la sorreggono e la rendono possibile. Come dovrebbe esserci sempre chi ascolta e formula un proprio pensiero, un giudizio, su tali motivazioni approfondendole, facendole proprie e propagandandole; ci dovrebbe essere sempre una riunione collettiva aperta a chiunque, in strada, in piazza, per terra, dove discutere, confrontarsi e acquisire consapevolezza e radicalit\u00e0.<br \/>\nAl corteo antispecista che vorremmo non dovrebbero partecipare fascisti, simpatizzanti della destra, autoritari, qualunquisti e denigratori, come non dovrebbe partecipare chi sfrutta tali occasioni per cercare notoriet\u00e0, ribalta mediatica, voti, o semplicemente vuole solo menar le mani. I politicanti di professione, gli opportunisti e i provocatori dovrebbero tenersene alla larga, e se cos\u00ec non fosse dovrebbero essere allontanati con decisione, ma senza violenza o senza dar loro l\u2019opportunit\u00e0 di mettersi in mostra, perch\u00e9 di queste meschinit\u00e0, di questo qualunquismo e populismo da bar dello sport non abbiamo bisogno.<br \/>\nQuesto \u00e8 quello che vorremmo, e che in gran parte non \u00e8 avvenuto a Correzzana, ed \u00e8 per questo che in quanto antispecisti riteniamo doveroso prendere le distanze da quanto accaduto: da chi sfruttando la volont\u00e0 di liberare gli Animali dalla schiavit\u00f9 ha approfittato per scendere in piazza a picchiare e a urlare frasi vergognose, e da chi ha tentato di prendere parte ad una manifestazione con chiari intenti provocatori o tentando di veicolare messaggi lontani dal sentire antispecista.<\/p>\n","protected":false},"excerpt":{"rendered":"<p>Il corteo antispecista che vorremmo dovrebbe essere un corteo coeso, compatto e deciso, un corteo pieno di cartelloni, frasi e testi inneggianti alla liberazione animale e alla fine dello specismo della societ\u00e0 umana; dovrebbe essere un corteo di persone libere e informate, di persone che leggono, che pensano, che si scambiamo opinioni e idee, che&hellip;<a href=\"https:\/\/www.campagneperglianimali.org\/web\/il-corteo-antispecista-che-vorremmo\/\" class=\"more-link\">Continua la lettura di <span class=\"screen-reader-text\">Il corteo antispecista che vorremmo<\/span><\/a><\/p>\n","protected":false},"author":1,"featured_media":3912,"comment_status":"open","ping_status":"closed","sticky":false,"template":"","format":"standard","meta":{"fifu_image_url":"","fifu_image_alt":"","iawp_total_views":0,"footnotes":""},"categories":[7,6],"tags":[171,174,96,175,173,172,176],"class_list":["post-910","post","type-post","status-publish","format-standard","has-post-thumbnail","hentry","category-comunicati","category-notizie","tag-corteo-harlan","tag-fascismo-e-antispecismo","tag-fermare-green-hill","tag-foibe","tag-harlan","tag-manifestazione-correzzana","tag-scontri-corteo-antispecista"],"views":6354,"_links":{"self":[{"href":"https:\/\/www.campagneperglianimali.org\/web\/wp-json\/wp\/v2\/posts\/910","targetHints":{"allow":["GET"]}}],"collection":[{"href":"https:\/\/www.campagneperglianimali.org\/web\/wp-json\/wp\/v2\/posts"}],"about":[{"href":"https:\/\/www.campagneperglianimali.org\/web\/wp-json\/wp\/v2\/types\/post"}],"author":[{"embeddable":true,"href":"https:\/\/www.campagneperglianimali.org\/web\/wp-json\/wp\/v2\/users\/1"}],"replies":[{"embeddable":true,"href":"https:\/\/www.campagneperglianimali.org\/web\/wp-json\/wp\/v2\/comments?post=910"}],"version-history":[{"count":6,"href":"https:\/\/www.campagneperglianimali.org\/web\/wp-json\/wp\/v2\/posts\/910\/revisions"}],"predecessor-version":[{"id":3329,"href":"https:\/\/www.campagneperglianimali.org\/web\/wp-json\/wp\/v2\/posts\/910\/revisions\/3329"}],"wp:featuredmedia":[{"embeddable":true,"href":"https:\/\/www.campagneperglianimali.org\/web\/wp-json\/wp\/v2\/media\/3912"}],"wp:attachment":[{"href":"https:\/\/www.campagneperglianimali.org\/web\/wp-json\/wp\/v2\/media?parent=910"}],"wp:term":[{"taxonomy":"category","embeddable":true,"href":"https:\/\/www.campagneperglianimali.org\/web\/wp-json\/wp\/v2\/categories?post=910"},{"taxonomy":"post_tag","embeddable":true,"href":"https:\/\/www.campagneperglianimali.org\/web\/wp-json\/wp\/v2\/tags?post=910"}],"curies":[{"name":"wp","href":"https:\/\/api.w.org\/{rel}","templated":true}]}}